{"id":3989,"date":"2024-01-15T17:18:58","date_gmt":"2024-01-15T20:18:58","guid":{"rendered":"https:\/\/rehabitare.direito.ufmg.br\/?p=3989"},"modified":"2024-01-15T17:18:58","modified_gmt":"2024-01-15T20:18:58","slug":"deputado-explica-projeto-que-institui-autogestao-nas-politicas-de-moradia-em-mg","status":"publish","type":"post","link":"https:\/\/rehabitare.direito.ufmg.br\/?p=3989","title":{"rendered":"Deputado explica projeto que institui autogest\u00e3o nas pol\u00edticas de moradia em MG"},"content":{"rendered":"<p>Em entrevista \u00e0 R\u00e1dio Real, o deputado estadual Leleco Pimentel (PT) expressou seu entusiasmo ao explicar detalhes do Projeto de Lei n\u00ba 195\/2023, que prop\u00f5e a cria\u00e7\u00e3o da Pol\u00edtica Estadual de Produ\u00e7\u00e3o Social de Moradia por Autogest\u00e3o. O projeto visa transformar a abordagem da habita\u00e7\u00e3o de interesse social, introduzindo a autogest\u00e3o como um princ\u00edpio fundamental. Leleco, autor do PL, \u00e9 natural de Ouro Preto e citou exemplos da cidade para valorizar a autogest\u00e3o.<\/p>\n<p>Leleco Pimentel enfatizou a autogest\u00e3o como um conceito baseado nos pilares de solidariedade, economicidade e empoderamento. Ele compartilhou uma experi\u00eancia pr\u00e1tica com o secret\u00e1rio de Governo de Ouro Preto Yuri Assun\u00e7\u00e3o, quando colaborador do programa de moradia, que, ao aplicar suas habilidades em instala\u00e7\u00f5es el\u00e9tricas, exemplificou como a autogest\u00e3o valoriza os talentos individuais para aprimorar as condi\u00e7\u00f5es habitacionais.<\/p>\n<p>\u201cPara refor\u00e7ar, a autogest\u00e3o recebe os talentos das pessoas e os utiliza para fornecer servi\u00e7os, envolvendo desde pedreiros at\u00e9 bombeiros hidr\u00e1ulicos que entendem a localiza\u00e7\u00e3o adequada do projeto hidr\u00e1ulico em uma casa, inclusive para futuras manuten\u00e7\u00f5es. Isso inclui profissionais como eletricistas, pedreiros, e at\u00e9 mesmo serventes. A autogest\u00e3o, de fato, representa um instrumento de transforma\u00e7\u00e3o social. Vale destacar que essa abordagem n\u00e3o \u00e9 uma ideia original minha, mas j\u00e1 estava presente na Alian\u00e7a Bolivariana dos Povos Latino-Americanos. \u00c9 uma pr\u00e1tica que remonta \u00e0 forma como nosso povo se organizava para garantir a sobreviv\u00eancia. Em vez de buscar uma quantidade excessiva de recursos apenas para gerar lucro, a autogest\u00e3o segue um princ\u00edpio mais equitativo e sustent\u00e1vel\u201d.<\/p>\n<p>Fonte:\u00a0<a href=\"https:\/\/galile.com.br\/projeto-autogestao-nas-politicas-de-moradia-em-mg\/\">https:\/\/galile.com.br\/projeto-autogestao-nas-politicas-de-moradia-em-mg\/<\/a><\/p>\n<p>Foto: retirada da reportagem.<\/p>\n","protected":false},"excerpt":{"rendered":"<p>Em entrevista \u00e0 R\u00e1dio Real, o deputado estadual Leleco Pimentel (PT) expressou seu entusiasmo ao explicar detalhes do Projeto de Lei n\u00ba 195\/2023, que prop\u00f5e [&hellip;] <span class=\"read-more-link\"><a class=\"read-more\" href=\"https:\/\/rehabitare.direito.ufmg.br\/?p=3989\">Read More<\/a><\/span><\/p>\n","protected":false},"author":1,"featured_media":3990,"comment_status":"open","ping_status":"open","sticky":false,"template":"","format":"standard","meta":{"footnotes":""},"categories":[7],"tags":[201,174,9,140,248,190],"class_list":["post-3989","post","type-post","status-publish","format-standard","has-post-thumbnail","hentry","category-noticias","tag-direito-a-moradia","tag-moradia","tag-moradia-adequada","tag-moradia-social","tag-politica-publica","tag-programa-de-moradia"],"_links":{"self":[{"href":"https:\/\/rehabitare.direito.ufmg.br\/index.php?rest_route=\/wp\/v2\/posts\/3989"}],"collection":[{"href":"https:\/\/rehabitare.direito.ufmg.br\/index.php?rest_route=\/wp\/v2\/posts"}],"about":[{"href":"https:\/\/rehabitare.direito.ufmg.br\/index.php?rest_route=\/wp\/v2\/types\/post"}],"author":[{"embeddable":true,"href":"https:\/\/rehabitare.direito.ufmg.br\/index.php?rest_route=\/wp\/v2\/users\/1"}],"replies":[{"embeddable":true,"href":"https:\/\/rehabitare.direito.ufmg.br\/index.php?rest_route=%2Fwp%2Fv2%2Fcomments&post=3989"}],"version-history":[{"count":1,"href":"https:\/\/rehabitare.direito.ufmg.br\/index.php?rest_route=\/wp\/v2\/posts\/3989\/revisions"}],"predecessor-version":[{"id":3991,"href":"https:\/\/rehabitare.direito.ufmg.br\/index.php?rest_route=\/wp\/v2\/posts\/3989\/revisions\/3991"}],"wp:featuredmedia":[{"embeddable":true,"href":"https:\/\/rehabitare.direito.ufmg.br\/index.php?rest_route=\/wp\/v2\/media\/3990"}],"wp:attachment":[{"href":"https:\/\/rehabitare.direito.ufmg.br\/index.php?rest_route=%2Fwp%2Fv2%2Fmedia&parent=3989"}],"wp:term":[{"taxonomy":"category","embeddable":true,"href":"https:\/\/rehabitare.direito.ufmg.br\/index.php?rest_route=%2Fwp%2Fv2%2Fcategories&post=3989"},{"taxonomy":"post_tag","embeddable":true,"href":"https:\/\/rehabitare.direito.ufmg.br\/index.php?rest_route=%2Fwp%2Fv2%2Ftags&post=3989"}],"curies":[{"name":"wp","href":"https:\/\/api.w.org\/{rel}","templated":true}]}}