{"id":3992,"date":"2024-01-17T15:01:10","date_gmt":"2024-01-17T18:01:10","guid":{"rendered":"https:\/\/rehabitare.direito.ufmg.br\/?p=3992"},"modified":"2024-01-17T15:01:10","modified_gmt":"2024-01-17T18:01:10","slug":"defensoria-publica-obtem-decisao-do-stf-que-suspende-reintegracao-de-posse-em-hortolandia-ate-que-caso-seja-analisado-por-comissao-de-conflitos-fundiarios","status":"publish","type":"post","link":"https:\/\/rehabitare.direito.ufmg.br\/?p=3992","title":{"rendered":"Defensoria P\u00fablica obt\u00e9m decis\u00e3o do STF que suspende reintegra\u00e7\u00e3o de posse em Hortol\u00e2ndia at\u00e9 que caso seja analisado por comiss\u00e3o de conflitos fundi\u00e1rios"},"content":{"rendered":"<p>A Defensoria P\u00fablica de SP obteve, durante o per\u00edodo de recesso do Poder Judici\u00e1rio, uma decis\u00e3o do Supremo Tribunal Federal que suspendeu a reintegra\u00e7\u00e3o de posse de uma \u00e1rea localizada no Jardim Adelaide, na cidade de Hortol\u00e2ndia (cerca de 120 km da Capital). A decis\u00e3o, emitida em 5 de janeiro, beneficia cerca de 200 fam\u00edlias que vivem no local.<\/p>\n<p>O caso foi levado a conhecimento do STF pela Defensoria P\u00fablica, ap\u00f3s diversos grupos sociais e parlamentares terem acionado o N\u00facleo de Habita\u00e7\u00e3o e Urbanismo da institui\u00e7\u00e3o, em raz\u00e3o da imin\u00eancia do cumprimento da ordem de reintegra\u00e7\u00e3o. Na reclama\u00e7\u00e3o constitucional feita, as defensoras p\u00fablicas Camila de Sousa Medeiros Torres Watanabe e Ta\u00edssa Nunes Vieira Pinheiro e o defensor Pedro Ribeiro Augustoni Feilke apontaram que, conforme determinado pela Corte, todos os lit\u00edgios fundi\u00e1rios coletivos devem ser submetidos \u00e0 Comiss\u00e3o Regional de Solu\u00e7\u00f5es Fundi\u00e1rias \u2013 e que isso n\u00e3o teria sido observado pela primeira inst\u00e2ncia ao determinar a reintegra\u00e7\u00e3o de posse da \u00e1rea.<\/p>\n<p>A Defensoria tamb\u00e9m aponta que a ocupa\u00e7\u00e3o do Jardim Adelaide se formou em raz\u00e3o de \u201cuma organiza\u00e7\u00e3o popular de movimento social na afirma\u00e7\u00e3o do direito constitucional \u00e0 moradia. S\u00e3o oito anos de luta por direitos que, em apontamento pin\u00e7ado e isolado, v\u00ea-se injustamente invisibilizados\u201d.<\/p>\n<p>Na decis\u00e3o, o ministro Edson Fachin observou que \u201ca determina\u00e7\u00e3o para ado\u00e7\u00e3o de um regime de transi\u00e7\u00e3o para as desocupa\u00e7\u00f5es deve ser seguida por todas as autoridades judiciais, ainda que as partes tenham eventualmente indicado n\u00e3o ter interesse na concilia\u00e7\u00e3o. (&#8230;) A remessa do feito \u00e0s Comiss\u00f5es Fundi\u00e1rias tem por escopo n\u00e3o apenas a concilia\u00e7\u00e3o, mas a media\u00e7\u00e3o, a inspe\u00e7\u00e3o judicial, a possibilidade do encaminhamento de pessoas (e fam\u00edlias) em situa\u00e7\u00e3o de vulnerabilidade a abrigos sociais dignos\u201d.<\/p>\n<p>Assim, determinou a suspen\u00e7\u00e3o da ordem de reintegra\u00e7\u00e3o de posse, at\u00e9 que o caso seja acompanhado pela Comiss\u00e3o de Conflitos Fundi\u00e1rios\/ Grupo de Apoio \u00e0s Ordens Judiciais de Reintegra\u00e7\u00e3o de Posse (GAORP).<\/p>\n<p>Fonte:\u00a0<a href=\"https:\/\/www.defensoria.sp.def.br\/noticias\/-\/noticia\/5651589\">https:\/\/www.defensoria.sp.def.br\/noticias\/-\/noticia\/5651589<\/a><\/p>\n<p>Foto: retirada da reportagem.<\/p>\n","protected":false},"excerpt":{"rendered":"<p>A Defensoria P\u00fablica de SP obteve, durante o per\u00edodo de recesso do Poder Judici\u00e1rio, uma decis\u00e3o do Supremo Tribunal Federal que suspendeu a reintegra\u00e7\u00e3o de [&hellip;] <span class=\"read-more-link\"><a class=\"read-more\" href=\"https:\/\/rehabitare.direito.ufmg.br\/?p=3992\">Read More<\/a><\/span><\/p>\n","protected":false},"author":1,"featured_media":3993,"comment_status":"open","ping_status":"open","sticky":false,"template":"","format":"standard","meta":{"footnotes":""},"categories":[7],"tags":[201,174,4,12],"class_list":["post-3992","post","type-post","status-publish","format-standard","has-post-thumbnail","hentry","category-noticias","tag-direito-a-moradia","tag-moradia","tag-ocupacao","tag-reintegracao-de-posse"],"_links":{"self":[{"href":"https:\/\/rehabitare.direito.ufmg.br\/index.php?rest_route=\/wp\/v2\/posts\/3992"}],"collection":[{"href":"https:\/\/rehabitare.direito.ufmg.br\/index.php?rest_route=\/wp\/v2\/posts"}],"about":[{"href":"https:\/\/rehabitare.direito.ufmg.br\/index.php?rest_route=\/wp\/v2\/types\/post"}],"author":[{"embeddable":true,"href":"https:\/\/rehabitare.direito.ufmg.br\/index.php?rest_route=\/wp\/v2\/users\/1"}],"replies":[{"embeddable":true,"href":"https:\/\/rehabitare.direito.ufmg.br\/index.php?rest_route=%2Fwp%2Fv2%2Fcomments&post=3992"}],"version-history":[{"count":1,"href":"https:\/\/rehabitare.direito.ufmg.br\/index.php?rest_route=\/wp\/v2\/posts\/3992\/revisions"}],"predecessor-version":[{"id":3994,"href":"https:\/\/rehabitare.direito.ufmg.br\/index.php?rest_route=\/wp\/v2\/posts\/3992\/revisions\/3994"}],"wp:featuredmedia":[{"embeddable":true,"href":"https:\/\/rehabitare.direito.ufmg.br\/index.php?rest_route=\/wp\/v2\/media\/3993"}],"wp:attachment":[{"href":"https:\/\/rehabitare.direito.ufmg.br\/index.php?rest_route=%2Fwp%2Fv2%2Fmedia&parent=3992"}],"wp:term":[{"taxonomy":"category","embeddable":true,"href":"https:\/\/rehabitare.direito.ufmg.br\/index.php?rest_route=%2Fwp%2Fv2%2Fcategories&post=3992"},{"taxonomy":"post_tag","embeddable":true,"href":"https:\/\/rehabitare.direito.ufmg.br\/index.php?rest_route=%2Fwp%2Fv2%2Ftags&post=3992"}],"curies":[{"name":"wp","href":"https:\/\/api.w.org\/{rel}","templated":true}]}}