{"id":4005,"date":"2024-01-26T14:01:21","date_gmt":"2024-01-26T17:01:21","guid":{"rendered":"https:\/\/rehabitare.direito.ufmg.br\/?p=4005"},"modified":"2024-01-26T14:01:21","modified_gmt":"2024-01-26T17:01:21","slug":"europa-vive-aumento-dos-precos-dos-alugueis-e-piora-das-condicoes-de-vida-da-classe-trabalhadora","status":"publish","type":"post","link":"https:\/\/rehabitare.direito.ufmg.br\/?p=4005","title":{"rendered":"Europa vive aumento dos pre\u00e7os dos alugu\u00e9is e piora das condi\u00e7\u00f5es de vida da classe trabalhadora"},"content":{"rendered":"<p>O capitalismo vive mais uma vez uma profunda crise econ\u00f4mica, fruto disso \u00e9 o aumento das guerras, arrochos salariais e uma piora nas condi\u00e7\u00f5es de vida da classe trabalhadora em todo mundo.<\/p>\n<p>Os grandes capitalistas, em especial o mercado financeiro, aproveitam-se dessa crise para aumentar os seus lucros e monop\u00f3lios, o que gera um enorme polo de pobreza e mis\u00e9ria do lado da classe trabalhadora.<\/p>\n<p>A Europa por exemplo vive uma profunda crise de Habita\u00e7\u00e3o, que, de ano em ano, cresce cada vez mais. Fruto da diminui\u00e7\u00e3o de investimentos em moradias populares e da financeiriza\u00e7\u00e3o da habita\u00e7\u00e3o, essa realidade tem levado milh\u00f5es de pessoas a morar nas ruas, como mostra um\u00a0 relat\u00f3rio publicado no in\u00edcio do m\u00eas passado pela Federa\u00e7\u00e3o Europeia de Associa\u00e7\u00f5es Nacionais que Trabalham com os Sem-Abrigo (FEANTSA, na sigla em franc\u00eas). Essa organiza\u00e7\u00e3o n\u00e3o governamental, exp\u00f4s o fracasso de pa\u00edses da Uni\u00e3o Europeia (UE) em lidar com o crescente aumento da popula\u00e7\u00e3o de rua.<\/p>\n<p>De acordo com o relat\u00f3rio, pelo menos 896 mil pessoas dormiram nas ruas em pa\u00edses do bloco europeu em 2022. No ano passado, pa\u00edses da UE se comprometeram a zerar a popula\u00e7\u00e3o sem-teto at\u00e9 2030. Por\u00e9m, segundo o documento, apenas Finl\u00e2ndia e Dinamarca alcan\u00e7aram progresso at\u00e9 agora.<\/p>\n<p><b>Aumento do pre\u00e7o dos alugu\u00e9is<\/b><\/p>\n<p>Uma das coisas que mais chama aten\u00e7\u00e3o \u00e9 o aumento do pre\u00e7o dos alugu\u00e9is nas capitais europeias. O aluguel de um apartamento com um quarto custa em m\u00e9dia 430 a 650 euros dependendo da cidade, enquanto o sal\u00e1rio m\u00e9dio \u00e9 de 793 euros.<\/p>\n<p>Fonte:\u00a0<a href=\"https:\/\/averdade.org.br\/2024\/01\/europa-vive-aumento-dos-precos-dos-alugueis-e-piora-das-condicoes-de-vida-da-classe-trabalhadora\/\">https:\/\/averdade.org.br\/2024\/01\/europa-vive-aumento-dos-precos-dos-alugueis-e-piora-das-condicoes-de-vida-da-classe-trabalhadora\/<\/a><\/p>\n<p>Foto: retirada da reportagem.<\/p>\n","protected":false},"excerpt":{"rendered":"<p>O capitalismo vive mais uma vez uma profunda crise econ\u00f4mica, fruto disso \u00e9 o aumento das guerras, arrochos salariais e uma piora nas condi\u00e7\u00f5es de [&hellip;] <span class=\"read-more-link\"><a class=\"read-more\" href=\"https:\/\/rehabitare.direito.ufmg.br\/?p=4005\">Read More<\/a><\/span><\/p>\n","protected":false},"author":1,"featured_media":4006,"comment_status":"open","ping_status":"open","sticky":false,"template":"","format":"standard","meta":{"footnotes":""},"categories":[7],"tags":[139,141,201,163],"class_list":["post-4005","post","type-post","status-publish","format-standard","has-post-thumbnail","hentry","category-noticias","tag-crise-habitacional","tag-deficit-habitacional","tag-direito-a-moradia","tag-especulacao-imobiliaria"],"_links":{"self":[{"href":"https:\/\/rehabitare.direito.ufmg.br\/index.php?rest_route=\/wp\/v2\/posts\/4005"}],"collection":[{"href":"https:\/\/rehabitare.direito.ufmg.br\/index.php?rest_route=\/wp\/v2\/posts"}],"about":[{"href":"https:\/\/rehabitare.direito.ufmg.br\/index.php?rest_route=\/wp\/v2\/types\/post"}],"author":[{"embeddable":true,"href":"https:\/\/rehabitare.direito.ufmg.br\/index.php?rest_route=\/wp\/v2\/users\/1"}],"replies":[{"embeddable":true,"href":"https:\/\/rehabitare.direito.ufmg.br\/index.php?rest_route=%2Fwp%2Fv2%2Fcomments&post=4005"}],"version-history":[{"count":1,"href":"https:\/\/rehabitare.direito.ufmg.br\/index.php?rest_route=\/wp\/v2\/posts\/4005\/revisions"}],"predecessor-version":[{"id":4007,"href":"https:\/\/rehabitare.direito.ufmg.br\/index.php?rest_route=\/wp\/v2\/posts\/4005\/revisions\/4007"}],"wp:featuredmedia":[{"embeddable":true,"href":"https:\/\/rehabitare.direito.ufmg.br\/index.php?rest_route=\/wp\/v2\/media\/4006"}],"wp:attachment":[{"href":"https:\/\/rehabitare.direito.ufmg.br\/index.php?rest_route=%2Fwp%2Fv2%2Fmedia&parent=4005"}],"wp:term":[{"taxonomy":"category","embeddable":true,"href":"https:\/\/rehabitare.direito.ufmg.br\/index.php?rest_route=%2Fwp%2Fv2%2Fcategories&post=4005"},{"taxonomy":"post_tag","embeddable":true,"href":"https:\/\/rehabitare.direito.ufmg.br\/index.php?rest_route=%2Fwp%2Fv2%2Ftags&post=4005"}],"curies":[{"name":"wp","href":"https:\/\/api.w.org\/{rel}","templated":true}]}}