{"id":4008,"date":"2024-01-29T17:12:58","date_gmt":"2024-01-29T20:12:58","guid":{"rendered":"https:\/\/rehabitare.direito.ufmg.br\/?p=4008"},"modified":"2024-01-29T17:12:58","modified_gmt":"2024-01-29T20:12:58","slug":"40-anos-do-mst-luta-pela-terra-e-a-garantia-de-moradia-para-todos","status":"publish","type":"post","link":"https:\/\/rehabitare.direito.ufmg.br\/?p=4008","title":{"rendered":"40 Anos Do MST: Luta Pela Terra E A Garantia De Moradia Para Todos"},"content":{"rendered":"<p>Nesta semana, o Movimento dos Trabalhadores Sem Terra (MST), completou 40 anos de luta pela terra, a qual se soma \u00e0 garantia do direito \u00e0 moradia. O movimento se faz presente em 24 estados do pa\u00eds, e as a\u00e7\u00f5es do grupo foram essenciais para combater a concentra\u00e7\u00e3o de terra no territ\u00f3rio brasileiro.<\/p>\n<p>O 1\u00b0 Encontro Nacional dos Sem Terra ocorreu em 22 de janeiro de 1984, no Paran\u00e1, e reuniu camponeses, agricultores, posseiros e exclu\u00eddos rurais para a forma\u00e7\u00e3o do movimento que buscava, e busca ainda hoje, lutar contra as desigualdades no Brasil.<\/p>\n<p>Por meio de ocupa\u00e7\u00f5es, manifesta\u00e7\u00f5es de rua e resist\u00eancia no campo e nos \u00f3rg\u00e3os p\u00fablicos, movimentos como o MST t\u00eam papel essencial como instrumento de luta pela reforma agr\u00e1ria e articula\u00e7\u00e3o pela conquista e manuten\u00e7\u00e3o do direito por terra, alimentos e moradia digna para a popula\u00e7\u00e3o frente \u00e0s institui\u00e7\u00f5es governamentais, os grandes latifundi\u00e1rios e a elite brasileira.<\/p>\n<p>A presidente da FNA, Andr\u00e9a dos Santos, ainda ressalta o importante papel do MST na luta pela destina\u00e7\u00e3o social dos espa\u00e7os vazios e n\u00e3o produtivos no Brasil. \u201cA moradia \u00e9 um direito de todos e o MST enquanto movimento de luta \u00e9 fundamental para essa conquista, principalmente na garantia da habita\u00e7\u00e3o rural para os agricultores e trabalhadores do campo\u201d, explica ela.<\/p>\n<p>Fonte:\u00a0<a href=\"https:\/\/fna.org.br\/40-anos-do-mst-luta-pela-terra-e-a-garantia-de-moradia-para-todos\/\">https:\/\/fna.org.br\/40-anos-do-mst-luta-pela-terra-e-a-garantia-de-moradia-para-todos\/<\/a><\/p>\n<p>Foto: retirada da reportagem.<\/p>\n","protected":false},"excerpt":{"rendered":"<p>Nesta semana, o Movimento dos Trabalhadores Sem Terra (MST), completou 40 anos de luta pela terra, a qual se soma \u00e0 garantia do direito \u00e0 [&hellip;] <span class=\"read-more-link\"><a class=\"read-more\" href=\"https:\/\/rehabitare.direito.ufmg.br\/?p=4008\">Read More<\/a><\/span><\/p>\n","protected":false},"author":1,"featured_media":4009,"comment_status":"open","ping_status":"open","sticky":false,"template":"","format":"standard","meta":{"footnotes":""},"categories":[7],"tags":[201,9,189,184,166],"class_list":["post-4008","post","type-post","status-publish","format-standard","has-post-thumbnail","hentry","category-noticias","tag-direito-a-moradia","tag-moradia-adequada","tag-moradia-popular","tag-movimento-social","tag-mst"],"_links":{"self":[{"href":"https:\/\/rehabitare.direito.ufmg.br\/index.php?rest_route=\/wp\/v2\/posts\/4008"}],"collection":[{"href":"https:\/\/rehabitare.direito.ufmg.br\/index.php?rest_route=\/wp\/v2\/posts"}],"about":[{"href":"https:\/\/rehabitare.direito.ufmg.br\/index.php?rest_route=\/wp\/v2\/types\/post"}],"author":[{"embeddable":true,"href":"https:\/\/rehabitare.direito.ufmg.br\/index.php?rest_route=\/wp\/v2\/users\/1"}],"replies":[{"embeddable":true,"href":"https:\/\/rehabitare.direito.ufmg.br\/index.php?rest_route=%2Fwp%2Fv2%2Fcomments&post=4008"}],"version-history":[{"count":1,"href":"https:\/\/rehabitare.direito.ufmg.br\/index.php?rest_route=\/wp\/v2\/posts\/4008\/revisions"}],"predecessor-version":[{"id":4010,"href":"https:\/\/rehabitare.direito.ufmg.br\/index.php?rest_route=\/wp\/v2\/posts\/4008\/revisions\/4010"}],"wp:featuredmedia":[{"embeddable":true,"href":"https:\/\/rehabitare.direito.ufmg.br\/index.php?rest_route=\/wp\/v2\/media\/4009"}],"wp:attachment":[{"href":"https:\/\/rehabitare.direito.ufmg.br\/index.php?rest_route=%2Fwp%2Fv2%2Fmedia&parent=4008"}],"wp:term":[{"taxonomy":"category","embeddable":true,"href":"https:\/\/rehabitare.direito.ufmg.br\/index.php?rest_route=%2Fwp%2Fv2%2Fcategories&post=4008"},{"taxonomy":"post_tag","embeddable":true,"href":"https:\/\/rehabitare.direito.ufmg.br\/index.php?rest_route=%2Fwp%2Fv2%2Ftags&post=4008"}],"curies":[{"name":"wp","href":"https:\/\/api.w.org\/{rel}","templated":true}]}}