{"id":4011,"date":"2024-01-31T17:35:59","date_gmt":"2024-01-31T20:35:59","guid":{"rendered":"https:\/\/rehabitare.direito.ufmg.br\/?p=4011"},"modified":"2024-01-31T17:35:59","modified_gmt":"2024-01-31T20:35:59","slug":"apos-50-anos-ibge-volta-a-usar-o-termo-favela-no-censo","status":"publish","type":"post","link":"https:\/\/rehabitare.direito.ufmg.br\/?p=4011","title":{"rendered":"Ap\u00f3s 50 anos, IBGE volta a usar o termo favela no Censo"},"content":{"rendered":"<p>O Instituto Brasileiro de Geografia e Estat\u00edstica (IBGE) anunciou nesta ter\u00e7a-feira (23) que voltar\u00e1 a usar o termo &#8220;favelas e comunidades urbanas brasileiras&#8221; para se referir a esses locais no Censo.<\/p>\n<p>A mudan\u00e7a ocorre 50 anos ap\u00f3s o IBGE come\u00e7ar a usar as express\u00f5es &#8220;aglomerados urbanos excepcionais&#8221;, &#8220;setores especiais de aglomerados urbanos&#8221; e &#8220;aglomerados subnormais&#8221; como o termo principal para se referir a esses locais.<\/p>\n<p>A altera\u00e7\u00e3o decorre, entre outros fatores, da demanda dos moradores de favelas e comunidades urbanas. Segundo o IBGE, o termo favela est\u00e1 vinculado \u00e0 reivindica\u00e7\u00e3o hist\u00f3rica por reconhecimento e identidade de movimentos populares.<\/p>\n<p>O Brasil tem mais de 10 mil favelas e comunidades urbanas, em que vivem 16,6 milh\u00f5es de pessoas (8% da popula\u00e7\u00e3o brasileira), segundo a pr\u00e9via do Censo de 2022.<\/p>\n<p>\u201cO reconhecimento das favelas pelo IBGE \u00e9 um marco hist\u00f3rico para a popula\u00e7\u00e3o brasileira. \u00c9 um reconhecimento da exist\u00eancia das favelas, da nossa for\u00e7a, da nossa pot\u00eancia&#8221;, completa Kalyne Lima, presidente da Central \u00danica das Favelas (CUFA Brasil).<\/p>\n<p>Fonte:\u00a0<a href=\"https:\/\/g1.globo.com\/politica\/noticia\/2024\/01\/23\/ibge-favela.ghtml\">https:\/\/g1.globo.com\/politica\/noticia\/2024\/01\/23\/ibge-favela.ghtml<\/a><\/p>\n<p>Foto: retirada da reportagem.<\/p>\n","protected":false},"excerpt":{"rendered":"<p>O Instituto Brasileiro de Geografia e Estat\u00edstica (IBGE) anunciou nesta ter\u00e7a-feira (23) que voltar\u00e1 a usar o termo &#8220;favelas e comunidades urbanas brasileiras&#8221; para se [&hellip;] <span class=\"read-more-link\"><a class=\"read-more\" href=\"https:\/\/rehabitare.direito.ufmg.br\/?p=4011\">Read More<\/a><\/span><\/p>\n","protected":false},"author":1,"featured_media":0,"comment_status":"open","ping_status":"open","sticky":false,"template":"","format":"standard","meta":{"footnotes":""},"categories":[7],"tags":[13,145,260],"class_list":["post-4011","post","type-post","status-publish","format-standard","hentry","category-noticias","tag-cidades","tag-favela","tag-ibge"],"_links":{"self":[{"href":"https:\/\/rehabitare.direito.ufmg.br\/index.php?rest_route=\/wp\/v2\/posts\/4011"}],"collection":[{"href":"https:\/\/rehabitare.direito.ufmg.br\/index.php?rest_route=\/wp\/v2\/posts"}],"about":[{"href":"https:\/\/rehabitare.direito.ufmg.br\/index.php?rest_route=\/wp\/v2\/types\/post"}],"author":[{"embeddable":true,"href":"https:\/\/rehabitare.direito.ufmg.br\/index.php?rest_route=\/wp\/v2\/users\/1"}],"replies":[{"embeddable":true,"href":"https:\/\/rehabitare.direito.ufmg.br\/index.php?rest_route=%2Fwp%2Fv2%2Fcomments&post=4011"}],"version-history":[{"count":1,"href":"https:\/\/rehabitare.direito.ufmg.br\/index.php?rest_route=\/wp\/v2\/posts\/4011\/revisions"}],"predecessor-version":[{"id":4012,"href":"https:\/\/rehabitare.direito.ufmg.br\/index.php?rest_route=\/wp\/v2\/posts\/4011\/revisions\/4012"}],"wp:attachment":[{"href":"https:\/\/rehabitare.direito.ufmg.br\/index.php?rest_route=%2Fwp%2Fv2%2Fmedia&parent=4011"}],"wp:term":[{"taxonomy":"category","embeddable":true,"href":"https:\/\/rehabitare.direito.ufmg.br\/index.php?rest_route=%2Fwp%2Fv2%2Fcategories&post=4011"},{"taxonomy":"post_tag","embeddable":true,"href":"https:\/\/rehabitare.direito.ufmg.br\/index.php?rest_route=%2Fwp%2Fv2%2Ftags&post=4011"}],"curies":[{"name":"wp","href":"https:\/\/api.w.org\/{rel}","templated":true}]}}