{"id":4013,"date":"2024-02-02T15:10:25","date_gmt":"2024-02-02T18:10:25","guid":{"rendered":"https:\/\/rehabitare.direito.ufmg.br\/?p=4013"},"modified":"2024-02-02T15:10:25","modified_gmt":"2024-02-02T18:10:25","slug":"a-lingua-obscura-do-z-zoneamento-de-sao-paulo","status":"publish","type":"post","link":"https:\/\/rehabitare.direito.ufmg.br\/?p=4013","title":{"rendered":"A l\u00edngua obscura do Z\u2026 zoneamento de S\u00e3o Paulo"},"content":{"rendered":"<p>O prefeito Ricardo Nunes acaba de vetar 58 pontos do zoneamento aprovado em dezembro na C\u00e2mara Municipal de S\u00e3o Paulo. Os vetos foram fruto de intensa campanha de associa\u00e7\u00f5es de bairro, t\u00e9cnicos, organiza\u00e7\u00f5es da sociedade civil e de alertas emitidos pelas equipes t\u00e9cnicas da prefeitura. A manuten\u00e7\u00e3o destes vetos pelos vereadores \u00e9 importante, j\u00e1 que rumores circulam nos bastidores da pol\u00edtica de que se trata de jogo ensaiado em que prefeitura veta, C\u00e2mara derruba os vetos e vida que segue, com menos \u00f4nus pol\u00edticos para o prefeito em ano eleitoral.<\/p>\n<p>Entretanto, neste momento a pergunta que n\u00e3o calar \u00e9: com ou sem estes artigos que foram vetados, a lei de zoneamento \u00e9 razo\u00e1vel e merece ser sancionada? A resposta \u00e9 n\u00e3o!!! Poder\u00edamos entrar em um debate sobre dezenas de artigos com impactos negativos para a cidade, mas o que queremos ressaltar aqui \u00e9 outro aspecto: da forma como foi formulada, discutida, redigida e aprovada, a implementa\u00e7\u00e3o desta lei \u00e9 imprevis\u00edvel e, portanto, deve ser objeto de contesta\u00e7\u00e3o na \u00edntegra, na medida em que n\u00e3o oferece seguran\u00e7a jur\u00eddica m\u00ednima para os moradores e investidores.<\/p>\n<p>N\u00e3o \u00e9 de hoje que o planejamento urbano em S\u00e3o Paulo se reduz a uma pergunta: quantos metros \u00e9 poss\u00edvel construir em cada terreno, preferencialmente, sem pagar Outorga Onerosa do Direito de Construir, ou pagando pouco. A quest\u00e3o \u00e9 abordada atrav\u00e9s de uma l\u00edngua \u2013 Z \u2026 , o planej\u00eas imobili\u00e1rio \u2013 falada por poucos, o que torna o processo pouco transparente e democr\u00e1tico, fazendo do principal instrumento de regramento das formas de uso e ocupa\u00e7\u00e3o da cidade, o zoneamento, uma lista intermin\u00e1vel e confusa de regras muito espec\u00edficas e complexas que impedem os cidad\u00e3os de compreenderem o que vai acontecer no seu im\u00f3vel ou na \u00e1rea no entorno de sua casa.<\/p>\n<p>Fonte:\u00a0<a href=\"https:\/\/www.labcidade.fau.usp.br\/zoneamento-sp-lingua-obscura-do-z\/\">https:\/\/www.labcidade.fau.usp.br\/zoneamento-sp-lingua-obscura-do-z\/<\/a><\/p>\n<p>Foto: retirada do artigo.<\/p>\n","protected":false},"excerpt":{"rendered":"<p>O prefeito Ricardo Nunes acaba de vetar 58 pontos do zoneamento aprovado em dezembro na C\u00e2mara Municipal de S\u00e3o Paulo. Os vetos foram fruto de [&hellip;] <span class=\"read-more-link\"><a class=\"read-more\" href=\"https:\/\/rehabitare.direito.ufmg.br\/?p=4013\">Read More<\/a><\/span><\/p>\n","protected":false},"author":1,"featured_media":4015,"comment_status":"open","ping_status":"open","sticky":false,"template":"","format":"standard","meta":{"footnotes":""},"categories":[7],"tags":[181,171,218,261],"class_list":["post-4013","post","type-post","status-publish","format-standard","has-post-thumbnail","hentry","category-noticias","tag-planejamento-urbano","tag-plano-diretor","tag-sao-paulo","tag-zoneamento"],"_links":{"self":[{"href":"https:\/\/rehabitare.direito.ufmg.br\/index.php?rest_route=\/wp\/v2\/posts\/4013"}],"collection":[{"href":"https:\/\/rehabitare.direito.ufmg.br\/index.php?rest_route=\/wp\/v2\/posts"}],"about":[{"href":"https:\/\/rehabitare.direito.ufmg.br\/index.php?rest_route=\/wp\/v2\/types\/post"}],"author":[{"embeddable":true,"href":"https:\/\/rehabitare.direito.ufmg.br\/index.php?rest_route=\/wp\/v2\/users\/1"}],"replies":[{"embeddable":true,"href":"https:\/\/rehabitare.direito.ufmg.br\/index.php?rest_route=%2Fwp%2Fv2%2Fcomments&post=4013"}],"version-history":[{"count":1,"href":"https:\/\/rehabitare.direito.ufmg.br\/index.php?rest_route=\/wp\/v2\/posts\/4013\/revisions"}],"predecessor-version":[{"id":4014,"href":"https:\/\/rehabitare.direito.ufmg.br\/index.php?rest_route=\/wp\/v2\/posts\/4013\/revisions\/4014"}],"wp:featuredmedia":[{"embeddable":true,"href":"https:\/\/rehabitare.direito.ufmg.br\/index.php?rest_route=\/wp\/v2\/media\/4015"}],"wp:attachment":[{"href":"https:\/\/rehabitare.direito.ufmg.br\/index.php?rest_route=%2Fwp%2Fv2%2Fmedia&parent=4013"}],"wp:term":[{"taxonomy":"category","embeddable":true,"href":"https:\/\/rehabitare.direito.ufmg.br\/index.php?rest_route=%2Fwp%2Fv2%2Fcategories&post=4013"},{"taxonomy":"post_tag","embeddable":true,"href":"https:\/\/rehabitare.direito.ufmg.br\/index.php?rest_route=%2Fwp%2Fv2%2Ftags&post=4013"}],"curies":[{"name":"wp","href":"https:\/\/api.w.org\/{rel}","templated":true}]}}