{"id":402,"date":"2018-01-18T11:04:00","date_gmt":"2018-01-18T13:04:00","guid":{"rendered":"http:\/\/150.164.250.80\/rehabitare\/?p=402"},"modified":"2018-03-20T14:40:24","modified_gmt":"2018-03-20T17:40:24","slug":"ocupacao-volta-a-protestar-no-anel-rodoviario-de-bh-contra-ordem-de-despejo","status":"publish","type":"post","link":"https:\/\/rehabitare.direito.ufmg.br\/?p=402","title":{"rendered":"Ocupa\u00e7\u00e3o volta a protestar no Anel Rodovi\u00e1rio de BH contra ordem de despejo"},"content":{"rendered":"<p>Moradores da ocupa\u00e7\u00e3o Comunidade Vila da Esperan\u00e7a voltaram a\u00a0<a href=\"https:\/\/g1.globo.com\/mg\/minas-gerais\/noticia\/protesto-contra-despejo-fecha-trecho-no-anel-rodoviario-de-belo-horizonte.ghtml\">protestar no Anel Rodovi\u00e1rio de Belo Horizonte<\/a>, no bairro Bet\u00e2nia, na Regi\u00e3o Oeste, contra uma ordem de despejo. Na manh\u00e3 desta ter\u00e7a-feira (9), cerca de 60 pessoas fecharam o trecho por cerca de 20 minutos, conforme a Pol\u00edcia Militar Rodovi\u00e1ria.<\/p>\n<p>Por\u00a0<a href=\"https:\/\/g1.globo.com\/mg\/minas-gerais\/noticia\/ocupacao-volta-a-protestar-no-anel-rodoviario-de-bh-contra-ordem-de-despejo.ghtml\">G1.<\/a><\/p>\n<p>&nbsp;<\/p>\n","protected":false},"excerpt":{"rendered":"<p>Moradores da ocupa\u00e7\u00e3o Comunidade Vila da Esperan\u00e7a voltaram a\u00a0protestar no Anel Rodovi\u00e1rio de Belo Horizonte, no bairro Bet\u00e2nia, na Regi\u00e3o Oeste, contra uma ordem de [&hellip;] <span class=\"read-more-link\"><a class=\"read-more\" href=\"https:\/\/rehabitare.direito.ufmg.br\/?p=402\">Read More<\/a><\/span><\/p>\n","protected":false},"author":1,"featured_media":767,"comment_status":"open","ping_status":"open","sticky":false,"template":"","format":"standard","meta":{"footnotes":""},"categories":[7],"tags":[4],"class_list":["post-402","post","type-post","status-publish","format-standard","has-post-thumbnail","hentry","category-noticias","tag-ocupacao"],"_links":{"self":[{"href":"https:\/\/rehabitare.direito.ufmg.br\/index.php?rest_route=\/wp\/v2\/posts\/402"}],"collection":[{"href":"https:\/\/rehabitare.direito.ufmg.br\/index.php?rest_route=\/wp\/v2\/posts"}],"about":[{"href":"https:\/\/rehabitare.direito.ufmg.br\/index.php?rest_route=\/wp\/v2\/types\/post"}],"author":[{"embeddable":true,"href":"https:\/\/rehabitare.direito.ufmg.br\/index.php?rest_route=\/wp\/v2\/users\/1"}],"replies":[{"embeddable":true,"href":"https:\/\/rehabitare.direito.ufmg.br\/index.php?rest_route=%2Fwp%2Fv2%2Fcomments&post=402"}],"version-history":[{"count":5,"href":"https:\/\/rehabitare.direito.ufmg.br\/index.php?rest_route=\/wp\/v2\/posts\/402\/revisions"}],"predecessor-version":[{"id":768,"href":"https:\/\/rehabitare.direito.ufmg.br\/index.php?rest_route=\/wp\/v2\/posts\/402\/revisions\/768"}],"wp:featuredmedia":[{"embeddable":true,"href":"https:\/\/rehabitare.direito.ufmg.br\/index.php?rest_route=\/wp\/v2\/media\/767"}],"wp:attachment":[{"href":"https:\/\/rehabitare.direito.ufmg.br\/index.php?rest_route=%2Fwp%2Fv2%2Fmedia&parent=402"}],"wp:term":[{"taxonomy":"category","embeddable":true,"href":"https:\/\/rehabitare.direito.ufmg.br\/index.php?rest_route=%2Fwp%2Fv2%2Fcategories&post=402"},{"taxonomy":"post_tag","embeddable":true,"href":"https:\/\/rehabitare.direito.ufmg.br\/index.php?rest_route=%2Fwp%2Fv2%2Ftags&post=402"}],"curies":[{"name":"wp","href":"https:\/\/api.w.org\/{rel}","templated":true}]}}