{"id":4037,"date":"2024-02-23T09:08:24","date_gmt":"2024-02-23T12:08:24","guid":{"rendered":"https:\/\/rehabitare.direito.ufmg.br\/?p=4037"},"modified":"2024-02-23T09:08:24","modified_gmt":"2024-02-23T12:08:24","slug":"florianopolis-aprova-internacao-forcada-de-pessoas-em-situacao-de-rua","status":"publish","type":"post","link":"https:\/\/rehabitare.direito.ufmg.br\/?p=4037","title":{"rendered":"Florian\u00f3polis aprova interna\u00e7\u00e3o for\u00e7ada de pessoas em situa\u00e7\u00e3o de rua"},"content":{"rendered":"<p>A C\u00e2mara Municipal de Florian\u00f3polis aprovou nesta segunda-feira (19), por 17 votos a 4, o Projeto de Lei (PL) 19.044\/2024, que autoriza a interna\u00e7\u00e3o for\u00e7ada de pessoas em situa\u00e7\u00e3o de rua com transtornos mentais ou usu\u00e1rias de drogas. De autoria do Poder Executivo, a proposta j\u00e1 havia sido debatida e aprovada em primeiro turno na \u00faltima quarta-feira (14). O texto segue agora para san\u00e7\u00e3o do prefeito, Top\u00e1zio Neto.<\/p>\n<p>A vereadora C\u00edntia Mendon\u00e7a (PSOL) foi uma das representantes da Casa a votar contra o projeto. Tamb\u00e9m se opuseram \u00e0 proposta os vereadores Afr\u00e2nio Tadeu Boppr\u00e9 (PSOL), Carla Ayres (PT) e T\u00e2nia Ramos (PSOL).<\/p>\n<p>A Defensoria P\u00fablica da Uni\u00e3o e a Defensoria P\u00fablica de Santa Catarina j\u00e1 se manifestaram contra o texto, declarando que &#8220;n\u00e3o \u00e9 capaz de alcan\u00e7ar os fins a que se prop\u00f5e, al\u00e9m de violar a ordem legal e constitucional&#8221;.<\/p>\n<p>Para a vereadora, h\u00e1 outra quest\u00e3o impl\u00edcita: o fato de a proposta destoar tamb\u00e9m da pol\u00edtica nacional voltada \u00e0 popula\u00e7\u00e3o em situa\u00e7\u00e3o de rua, fortalecida pela gest\u00e3o do atual governo. A medida de interna\u00e7\u00e3o for\u00e7ada, adiciona ela, tamb\u00e9m \u00e9 mal vista porque \u00e9 priorizada, em detrimento de outras que seriam mais efetivas e humanizadoras, como as voltadas \u00e0 oferta de emprego e moradia \u00e0s pessoas em situa\u00e7\u00e3o de rua.<\/p>\n<p>Fonte:\u00a0<a href=\"https:\/\/www.otempo.com.br\/brasil\/florianopolis-aprova-internacao-forcada-de-pessoas-em-situacao-de-rua-1.3333737\">https:\/\/www.otempo.com.br\/brasil\/florianopolis-aprova-internacao-forcada-de-pessoas-em-situacao-de-rua-1.3333737<\/a><\/p>\n<p>Foto: retirada da reportagem.<\/p>\n","protected":false},"excerpt":{"rendered":"<p>A C\u00e2mara Municipal de Florian\u00f3polis aprovou nesta segunda-feira (19), por 17 votos a 4, o Projeto de Lei (PL) 19.044\/2024, que autoriza a interna\u00e7\u00e3o for\u00e7ada [&hellip;] <span class=\"read-more-link\"><a class=\"read-more\" href=\"https:\/\/rehabitare.direito.ufmg.br\/?p=4037\">Read More<\/a><\/span><\/p>\n","protected":false},"author":1,"featured_media":4038,"comment_status":"open","ping_status":"open","sticky":false,"template":"","format":"standard","meta":{"footnotes":""},"categories":[7],"tags":[201,240,167,258],"class_list":["post-4037","post","type-post","status-publish","format-standard","has-post-thumbnail","hentry","category-noticias","tag-direito-a-moradia","tag-direitos-humanos","tag-sem-teto","tag-violacao-de-direitos"],"_links":{"self":[{"href":"https:\/\/rehabitare.direito.ufmg.br\/index.php?rest_route=\/wp\/v2\/posts\/4037"}],"collection":[{"href":"https:\/\/rehabitare.direito.ufmg.br\/index.php?rest_route=\/wp\/v2\/posts"}],"about":[{"href":"https:\/\/rehabitare.direito.ufmg.br\/index.php?rest_route=\/wp\/v2\/types\/post"}],"author":[{"embeddable":true,"href":"https:\/\/rehabitare.direito.ufmg.br\/index.php?rest_route=\/wp\/v2\/users\/1"}],"replies":[{"embeddable":true,"href":"https:\/\/rehabitare.direito.ufmg.br\/index.php?rest_route=%2Fwp%2Fv2%2Fcomments&post=4037"}],"version-history":[{"count":1,"href":"https:\/\/rehabitare.direito.ufmg.br\/index.php?rest_route=\/wp\/v2\/posts\/4037\/revisions"}],"predecessor-version":[{"id":4039,"href":"https:\/\/rehabitare.direito.ufmg.br\/index.php?rest_route=\/wp\/v2\/posts\/4037\/revisions\/4039"}],"wp:featuredmedia":[{"embeddable":true,"href":"https:\/\/rehabitare.direito.ufmg.br\/index.php?rest_route=\/wp\/v2\/media\/4038"}],"wp:attachment":[{"href":"https:\/\/rehabitare.direito.ufmg.br\/index.php?rest_route=%2Fwp%2Fv2%2Fmedia&parent=4037"}],"wp:term":[{"taxonomy":"category","embeddable":true,"href":"https:\/\/rehabitare.direito.ufmg.br\/index.php?rest_route=%2Fwp%2Fv2%2Fcategories&post=4037"},{"taxonomy":"post_tag","embeddable":true,"href":"https:\/\/rehabitare.direito.ufmg.br\/index.php?rest_route=%2Fwp%2Fv2%2Ftags&post=4037"}],"curies":[{"name":"wp","href":"https:\/\/api.w.org\/{rel}","templated":true}]}}