{"id":4040,"date":"2024-02-26T19:40:21","date_gmt":"2024-02-26T22:40:21","guid":{"rendered":"https:\/\/rehabitare.direito.ufmg.br\/?p=4040"},"modified":"2024-02-26T19:40:21","modified_gmt":"2024-02-26T22:40:21","slug":"boom-imobiliario-diminui-a-qualidade-de-vida-na-cidade-de-sao-paulo","status":"publish","type":"post","link":"https:\/\/rehabitare.direito.ufmg.br\/?p=4040","title":{"rendered":"\u201cBoom\u201d imobili\u00e1rio diminui a qualidade de vida na cidade de S\u00e3o Paulo"},"content":{"rendered":"<p>S\u00e3o Paulo passa por um boom imobili\u00e1rio. \u00c9 poss\u00edvel ver pr\u00e9dios subirem em diversos bairros, principalmente pr\u00f3ximos ao metr\u00f4. A sensa\u00e7\u00e3o \u00e9 de que a cidade est\u00e1 ficando fechada, sufocada pelos grandes empreendimentos. Ranking da Consultoria e Urban System, divulgado na revista Exame, destaca que a capital foi apontada como a melhor cidade para fazer neg\u00f3cios no setor imobili\u00e1rio.<\/p>\n<p>A professora Raquel Rolnik, urbanista da Faculdade de Arquitetura e Urbanismo da USP, explica o que est\u00e1 acontecendo: \u201cPara quem est\u00e1 impressionad\u00edssimo com a quantidade de pr\u00e9dios subindo, a gente teve um plano diretor que incentivou a constru\u00e7\u00e3o de pr\u00e9dios muito pr\u00f3ximos \u00e0s \u00e1reas de metr\u00f4 e transporte de alta capacidade.\u201d<\/p>\n<p>Segundo a urbanista, a ideia inicial era de que esses lugares pudessem receber mais gente morando nesses im\u00f3veis utilizando o sistema de transporte coletivo, deixando de usar o carro. No entanto, mudan\u00e7as na pr\u00f3pria regulamenta\u00e7\u00e3o do plano diretor nos zoneamentos, ap\u00f3s sua aprova\u00e7\u00e3o, em 2014, e pela combina\u00e7\u00e3o perversa desses dois elementos mais a pol\u00edtica de regula\u00e7\u00e3o urban\u00edstica, a produ\u00e7\u00e3o n\u00e3o foi exatamente de moradias populares, sem garagem, para usu\u00e1rios de transporte coletivo. \u201cO que surgiu foram alguns tipos de produtos, do tipo est\u00fadio, para aluguel tempor\u00e1rio, tipologias de uso do espa\u00e7o que n\u00e3o necessariamente s\u00e3o moradia permanente, al\u00e9m, \u00e9 claro, de edif\u00edcios de renda alta, com muitas garagens.\u201d<\/p>\n<p>Fonte:\u00a0<a href=\"https:\/\/jornal.usp.br\/atualidades\/boom-imobiliario-diminui-a-qualidade-de-vida-na-cidade-de-sao-paulo\/#:~:text=de%20S%C3%A3o%20Paulo-,%E2%80%9CBoom%E2%80%9D%20imobili%C3%A1rio%20diminui%20a%20qualidade%20de%20vida,na%20cidade%20de%20S%C3%A3o%20Paulo&amp;text=S%C3%A3o%20Paulo%20passa%20por%20um,fechada%2C%20sufocada%20pelos%20grandes%20empreendimentos.\">https:\/\/jornal.usp.br\/atualidades\/boom-imobiliario-diminui-a-qualidade-de-vida-na-cidade-de-sao-paulo\/#:~:text=de%20S%C3%A3o%20Paulo-,%E2%80%9CBoom%E2%80%9D%20imobili%C3%A1rio%20diminui%20a%20qualidade%20de%20vida,na%20cidade%20de%20S%C3%A3o%20Paulo&amp;text=S%C3%A3o%20Paulo%20passa%20por%20um,fechada%2C%20sufocada%20pelos%20grandes%20empreendimentos.<\/a><\/p>\n<p>Foto: retirada da reportagem.<\/p>\n","protected":false},"excerpt":{"rendered":"<p>S\u00e3o Paulo passa por um boom imobili\u00e1rio. \u00c9 poss\u00edvel ver pr\u00e9dios subirem em diversos bairros, principalmente pr\u00f3ximos ao metr\u00f4. A sensa\u00e7\u00e3o \u00e9 de que a [&hellip;] <span class=\"read-more-link\"><a class=\"read-more\" href=\"https:\/\/rehabitare.direito.ufmg.br\/?p=4040\">Read More<\/a><\/span><\/p>\n","protected":false},"author":1,"featured_media":4041,"comment_status":"open","ping_status":"open","sticky":false,"template":"","format":"standard","meta":{"footnotes":""},"categories":[7],"tags":[201,163,9,171,218],"class_list":["post-4040","post","type-post","status-publish","format-standard","has-post-thumbnail","hentry","category-noticias","tag-direito-a-moradia","tag-especulacao-imobiliaria","tag-moradia-adequada","tag-plano-diretor","tag-sao-paulo"],"_links":{"self":[{"href":"https:\/\/rehabitare.direito.ufmg.br\/index.php?rest_route=\/wp\/v2\/posts\/4040"}],"collection":[{"href":"https:\/\/rehabitare.direito.ufmg.br\/index.php?rest_route=\/wp\/v2\/posts"}],"about":[{"href":"https:\/\/rehabitare.direito.ufmg.br\/index.php?rest_route=\/wp\/v2\/types\/post"}],"author":[{"embeddable":true,"href":"https:\/\/rehabitare.direito.ufmg.br\/index.php?rest_route=\/wp\/v2\/users\/1"}],"replies":[{"embeddable":true,"href":"https:\/\/rehabitare.direito.ufmg.br\/index.php?rest_route=%2Fwp%2Fv2%2Fcomments&post=4040"}],"version-history":[{"count":1,"href":"https:\/\/rehabitare.direito.ufmg.br\/index.php?rest_route=\/wp\/v2\/posts\/4040\/revisions"}],"predecessor-version":[{"id":4042,"href":"https:\/\/rehabitare.direito.ufmg.br\/index.php?rest_route=\/wp\/v2\/posts\/4040\/revisions\/4042"}],"wp:featuredmedia":[{"embeddable":true,"href":"https:\/\/rehabitare.direito.ufmg.br\/index.php?rest_route=\/wp\/v2\/media\/4041"}],"wp:attachment":[{"href":"https:\/\/rehabitare.direito.ufmg.br\/index.php?rest_route=%2Fwp%2Fv2%2Fmedia&parent=4040"}],"wp:term":[{"taxonomy":"category","embeddable":true,"href":"https:\/\/rehabitare.direito.ufmg.br\/index.php?rest_route=%2Fwp%2Fv2%2Fcategories&post=4040"},{"taxonomy":"post_tag","embeddable":true,"href":"https:\/\/rehabitare.direito.ufmg.br\/index.php?rest_route=%2Fwp%2Fv2%2Ftags&post=4040"}],"curies":[{"name":"wp","href":"https:\/\/api.w.org\/{rel}","templated":true}]}}