{"id":4197,"date":"2024-06-19T21:59:58","date_gmt":"2024-06-20T00:59:58","guid":{"rendered":"http:\/\/rehabitare.direito.ufmg.br\/?p=4197"},"modified":"2024-06-19T21:59:58","modified_gmt":"2024-06-20T00:59:58","slug":"audiencia-publica-debate-politica-de-moradia-e-os-despejos-no-recife","status":"publish","type":"post","link":"https:\/\/rehabitare.direito.ufmg.br\/?p=4197","title":{"rendered":"Audi\u00eancia p\u00fablica debate pol\u00edtica de moradia e os despejos no Recife"},"content":{"rendered":"<p>Na manh\u00e3 desta quinta-feira (13), uma audi\u00eancia p\u00fablica foi realizada, no plenarinho da Casa de Jos\u00e9 Mariano, com o objetivo de discutir sobre &#8220;A pol\u00edtica de moradia e os despejos na cidade do Recife&#8221;. A iniciativa partiu do vereador Ivan Moraes (PSOL). Representantes do Minist\u00e9rio P\u00fablico de Pernambuco (MPPE), da Defensoria P\u00fablica de Pernambuco (DPPE) e da Secretaria de Habita\u00e7\u00e3o do Recife (SEHAB) compuseram a mesa.<\/p>\n<p>No Recife, segundo o vereador Ivan Moraes, h\u00e1 um d\u00e9ficit habitacional de mais de 70 mil moradias, conforme o Plano Local de Habita\u00e7\u00e3o de Interesse Social de 2018. Entre os anos de 2013 e 2023, foram removidas cerca de 1700 moradias de \u00e1reas pobres da capital pernambucana, muitas delas de Zonas Especiais de Interesse Social (ZEIS). Ivan Moraes justificou que o d\u00e9ficit habitacional da Regi\u00e3o Metropolitana do Recife (RMR) \u00e9 o terceiro maior entre as Regi\u00f5es Metropolitanas do Nordeste e que o crescimento urbano sem ordena\u00e7\u00e3o tem causado impactos negativos. O parlamentar tamb\u00e9m citou dados do d\u00e9ficit no Estado de Pernambuco.<\/p>\n<p>\u201cO d\u00e9ficit na RMR vem chegando a quase 100 mil moradias, no que se refere apenas a quest\u00f5es relacionadas a habita\u00e7\u00e3o prec\u00e1ria, coabita\u00e7\u00e3o e \u00f4nus excessivo, n\u00e3o incluindo nesse n\u00famero popula\u00e7\u00e3o em situa\u00e7\u00e3o de rua, amea\u00e7adas por desastres socioambientais e amea\u00e7adas por despejo, sendo Pernambuco, neste \u00faltimo caso, o segundo Estado do Brasil com o maior n\u00famero de fam\u00edlias amea\u00e7adas de despejo, totalizando mais de 43 mil fam\u00edlias\u201d. O vereador exibiu um v\u00eddeo demonstrando imagens de desapropria\u00e7\u00f5es realizadas na capital pernambucana. \u201cO caso de Vila Esperan\u00e7a \u00e9 um caso bem simb\u00f3lico daquilo que a gente critica a forma como que foi feito. As pessoas voltaram do trabalho e viram suas casas pichadas com n\u00fameros e letras para depois saberem que iam perder suas casas\u201d.<\/p>\n<p>A Nota T\u00e9cnica 04\/2023 realizada pela assessoria do gabinete de Ivan Moraes em conjunto com o Centro Popular de Direitos Humanos (CPDH), a Cooperativa Arquitetura, Urbanismo e Sociedade (CAUS), que integram a rede BrCidades, foi mostrada por meio de slides pelas assessoras parlamentares Manuela Jord\u00e3o e Luana Varej\u00e3o. Elas detalharam os processos que v\u00eam ocorrendo com as popula\u00e7\u00f5es afetadas por desapropria\u00e7\u00f5es, exibiram diversos dados sobre despejos e citaram sugest\u00f5es \u00e0 gest\u00e3o.<\/p>\n<p>Fonte:\u00a0https:\/\/www.recife.pe.leg.br\/comunicacao\/noticias\/2024\/06\/audiencia-publica-debate-politica-de-moradia-e-os-despejos-no-recife<\/p>\n<p>Foto: retirada da reportagem.<\/p>\n","protected":false},"excerpt":{"rendered":"<p>Na manh\u00e3 desta quinta-feira (13), uma audi\u00eancia p\u00fablica foi realizada, no plenarinho da Casa de Jos\u00e9 Mariano, com o objetivo de discutir sobre &#8220;A pol\u00edtica [&hellip;] <span class=\"read-more-link\"><a class=\"read-more\" href=\"https:\/\/rehabitare.direito.ufmg.br\/?p=4197\">Read More<\/a><\/span><\/p>\n","protected":false},"author":1,"featured_media":4198,"comment_status":"open","ping_status":"open","sticky":false,"template":"","format":"standard","meta":{"footnotes":""},"categories":[7],"tags":[139,141,165,174,9],"class_list":["post-4197","post","type-post","status-publish","format-standard","has-post-thumbnail","hentry","category-noticias","tag-crise-habitacional","tag-deficit-habitacional","tag-despejo","tag-moradia","tag-moradia-adequada"],"_links":{"self":[{"href":"https:\/\/rehabitare.direito.ufmg.br\/index.php?rest_route=\/wp\/v2\/posts\/4197"}],"collection":[{"href":"https:\/\/rehabitare.direito.ufmg.br\/index.php?rest_route=\/wp\/v2\/posts"}],"about":[{"href":"https:\/\/rehabitare.direito.ufmg.br\/index.php?rest_route=\/wp\/v2\/types\/post"}],"author":[{"embeddable":true,"href":"https:\/\/rehabitare.direito.ufmg.br\/index.php?rest_route=\/wp\/v2\/users\/1"}],"replies":[{"embeddable":true,"href":"https:\/\/rehabitare.direito.ufmg.br\/index.php?rest_route=%2Fwp%2Fv2%2Fcomments&post=4197"}],"version-history":[{"count":1,"href":"https:\/\/rehabitare.direito.ufmg.br\/index.php?rest_route=\/wp\/v2\/posts\/4197\/revisions"}],"predecessor-version":[{"id":4199,"href":"https:\/\/rehabitare.direito.ufmg.br\/index.php?rest_route=\/wp\/v2\/posts\/4197\/revisions\/4199"}],"wp:featuredmedia":[{"embeddable":true,"href":"https:\/\/rehabitare.direito.ufmg.br\/index.php?rest_route=\/wp\/v2\/media\/4198"}],"wp:attachment":[{"href":"https:\/\/rehabitare.direito.ufmg.br\/index.php?rest_route=%2Fwp%2Fv2%2Fmedia&parent=4197"}],"wp:term":[{"taxonomy":"category","embeddable":true,"href":"https:\/\/rehabitare.direito.ufmg.br\/index.php?rest_route=%2Fwp%2Fv2%2Fcategories&post=4197"},{"taxonomy":"post_tag","embeddable":true,"href":"https:\/\/rehabitare.direito.ufmg.br\/index.php?rest_route=%2Fwp%2Fv2%2Ftags&post=4197"}],"curies":[{"name":"wp","href":"https:\/\/api.w.org\/{rel}","templated":true}]}}