{"id":4200,"date":"2024-06-21T22:22:25","date_gmt":"2024-06-22T01:22:25","guid":{"rendered":"http:\/\/rehabitare.direito.ufmg.br\/?p=4200"},"modified":"2024-06-21T22:22:25","modified_gmt":"2024-06-22T01:22:25","slug":"senado-aprova-projeto-para-incentivar-adaptacao-das-cidades-as-mudancas-climaticas","status":"publish","type":"post","link":"https:\/\/rehabitare.direito.ufmg.br\/?p=4200","title":{"rendered":"Senado aprova projeto para incentivar adapta\u00e7\u00e3o das cidades \u00e0s mudan\u00e7as clim\u00e1ticas"},"content":{"rendered":"<p>O Senado aprovou nesta ter\u00e7a-feira 18 um projeto de lei que inclui entre as diretrizes da pol\u00edtica urbana a ado\u00e7\u00e3o de medidas que permitam a adapta\u00e7\u00e3o das cidades \u00e0s mudan\u00e7as clim\u00e1ticas. O texto recebeu\u00a0um parecer favor\u00e1vel de Fabiano Contarato (PT-ES), com altera\u00e7\u00f5es, e voltar\u00e1 \u00e0 C\u00e2mara dos Deputados.<\/p>\n<p>Na pr\u00e1tica, o PL modifica o Estatuto da Cidade, prioriza \u00e1reas em situa\u00e7\u00e3o de vulnerabilidade e determina estudos de risco clim\u00e1tico.<\/p>\n<p>Os estudos devem privilegiar pessoas negras e\u00a0de periferia, destacando \u201crecortes de g\u00eanero, ra\u00e7a e renda\u201d das popula\u00e7\u00f5es analisadas e priorizando a\u00e7\u00f5es para \u201cperman\u00eancia da popula\u00e7\u00e3o nos territ\u00f3rios\u201d ou seu reassentamento em locais seguros.<\/p>\n<p>Segundo Contarato, a finalidade da proposta \u00e9 prevenir desastres provocados por enchentes e deslizamentos de encostas sobre regi\u00f5es habitadas, desabastecimento de \u00e1gua e destrui\u00e7\u00e3o de infraestrutura, entre outros transtornos. O projeto \u00e9 de autoria da deputada federal Erika Hilton (PSOL-SP).<\/p>\n<p>Fonte:\u00a0<a href=\"https:\/\/www.cartacapital.com.br\/cartaexpressa\/senado-aprova-projeto-para-incentivar-adaptacao-das-cidades-as-mudancas-climaticas\/\">https:\/\/www.cartacapital.com.br\/cartaexpressa\/senado-aprova-projeto-para-incentivar-adaptacao-das-cidades-as-mudancas-climaticas\/<\/a><\/p>\n<p>Foto: retirada da reportagem.<\/p>\n","protected":false},"excerpt":{"rendered":"<p>O Senado aprovou nesta ter\u00e7a-feira 18 um projeto de lei que inclui entre as diretrizes da pol\u00edtica urbana a ado\u00e7\u00e3o de medidas que permitam a [&hellip;] <span class=\"read-more-link\"><a class=\"read-more\" href=\"https:\/\/rehabitare.direito.ufmg.br\/?p=4200\">Read More<\/a><\/span><\/p>\n","protected":false},"author":1,"featured_media":4201,"comment_status":"open","ping_status":"open","sticky":false,"template":"","format":"standard","meta":{"footnotes":""},"categories":[7],"tags":[255,254,256],"class_list":["post-4200","post","type-post","status-publish","format-standard","has-post-thumbnail","hentry","category-noticias","tag-estatuto-da-cidade","tag-mudancas-climaticas","tag-politica-urbana"],"_links":{"self":[{"href":"https:\/\/rehabitare.direito.ufmg.br\/index.php?rest_route=\/wp\/v2\/posts\/4200"}],"collection":[{"href":"https:\/\/rehabitare.direito.ufmg.br\/index.php?rest_route=\/wp\/v2\/posts"}],"about":[{"href":"https:\/\/rehabitare.direito.ufmg.br\/index.php?rest_route=\/wp\/v2\/types\/post"}],"author":[{"embeddable":true,"href":"https:\/\/rehabitare.direito.ufmg.br\/index.php?rest_route=\/wp\/v2\/users\/1"}],"replies":[{"embeddable":true,"href":"https:\/\/rehabitare.direito.ufmg.br\/index.php?rest_route=%2Fwp%2Fv2%2Fcomments&post=4200"}],"version-history":[{"count":1,"href":"https:\/\/rehabitare.direito.ufmg.br\/index.php?rest_route=\/wp\/v2\/posts\/4200\/revisions"}],"predecessor-version":[{"id":4202,"href":"https:\/\/rehabitare.direito.ufmg.br\/index.php?rest_route=\/wp\/v2\/posts\/4200\/revisions\/4202"}],"wp:featuredmedia":[{"embeddable":true,"href":"https:\/\/rehabitare.direito.ufmg.br\/index.php?rest_route=\/wp\/v2\/media\/4201"}],"wp:attachment":[{"href":"https:\/\/rehabitare.direito.ufmg.br\/index.php?rest_route=%2Fwp%2Fv2%2Fmedia&parent=4200"}],"wp:term":[{"taxonomy":"category","embeddable":true,"href":"https:\/\/rehabitare.direito.ufmg.br\/index.php?rest_route=%2Fwp%2Fv2%2Fcategories&post=4200"},{"taxonomy":"post_tag","embeddable":true,"href":"https:\/\/rehabitare.direito.ufmg.br\/index.php?rest_route=%2Fwp%2Fv2%2Ftags&post=4200"}],"curies":[{"name":"wp","href":"https:\/\/api.w.org\/{rel}","templated":true}]}}