{"id":4215,"date":"2024-07-03T20:59:35","date_gmt":"2024-07-03T23:59:35","guid":{"rendered":"http:\/\/rehabitare.direito.ufmg.br\/?p=4215"},"modified":"2024-07-03T20:59:35","modified_gmt":"2024-07-03T23:59:35","slug":"barcelona-anuncia-fim-de-hospedagens-estilo-airbnb-a-partir-de-2028","status":"publish","type":"post","link":"https:\/\/rehabitare.direito.ufmg.br\/?p=4215","title":{"rendered":"Barcelona anuncia fim de hospedagens estilo Airbnb a partir de 2028"},"content":{"rendered":"<p>Na \u00faltima sexta-feira (21\/6), o prefeito da cidade espanhola, Jaume Collboni, anunciou que a prefeitura n\u00e3o vai mais conceder licen\u00e7as de uso tur\u00edstico para resid\u00eancias e tamb\u00e9m n\u00e3o renovar\u00e1, em novembro de 2028, a licen\u00e7a dos 10.101 mil apartamentos que est\u00e3o atualmente liberados para aluguel.<\/p>\n<p>A medida \u00e9 uma forma de frear o aumento do valor dos im\u00f3veis, a fim de tornar a cidade mais acess\u00edvel para os pr\u00f3prios moradores.<\/p>\n<p>No ano passado, Nova York criou lei que tamb\u00e9m pode acabar com reserva de im\u00f3veis pelo Airbnb.<\/p>\n<p>Nos \u00faltimos 10 anos, o pre\u00e7o do aluguel da habita\u00e7\u00e3o aumentou 68% e o pre\u00e7o de venda, 38%. Com os valores mais altos devido ao aluguel de temporada, os moradores de Barcelona est\u00e3o sofrendo para conseguir im\u00f3veis, podendo at\u00e9 deixar a cidade.<\/p>\n<p>Fonte:\u00a0<a href=\"https:\/\/www.metropoles.com\/vida-e-estilo\/barcelona-anuncia-fim-de-hospedagens-estilo-airbnb-a-partir-de-2028\">https:\/\/www.metropoles.com\/vida-e-estilo\/barcelona-anuncia-fim-de-hospedagens-estilo-airbnb-a-partir-de-2028<\/a><\/p>\n<p>Foto: retirada da reportagem.<\/p>\n","protected":false},"excerpt":{"rendered":"<p>Na \u00faltima sexta-feira (21\/6), o prefeito da cidade espanhola, Jaume Collboni, anunciou que a prefeitura n\u00e3o vai mais conceder licen\u00e7as de uso tur\u00edstico para resid\u00eancias [&hellip;] <span class=\"read-more-link\"><a class=\"read-more\" href=\"https:\/\/rehabitare.direito.ufmg.br\/?p=4215\">Read More<\/a><\/span><\/p>\n","protected":false},"author":1,"featured_media":4216,"comment_status":"open","ping_status":"open","sticky":false,"template":"","format":"standard","meta":{"footnotes":""},"categories":[7],"tags":[13,139,201,174,9],"class_list":["post-4215","post","type-post","status-publish","format-standard","has-post-thumbnail","hentry","category-noticias","tag-cidades","tag-crise-habitacional","tag-direito-a-moradia","tag-moradia","tag-moradia-adequada"],"_links":{"self":[{"href":"https:\/\/rehabitare.direito.ufmg.br\/index.php?rest_route=\/wp\/v2\/posts\/4215"}],"collection":[{"href":"https:\/\/rehabitare.direito.ufmg.br\/index.php?rest_route=\/wp\/v2\/posts"}],"about":[{"href":"https:\/\/rehabitare.direito.ufmg.br\/index.php?rest_route=\/wp\/v2\/types\/post"}],"author":[{"embeddable":true,"href":"https:\/\/rehabitare.direito.ufmg.br\/index.php?rest_route=\/wp\/v2\/users\/1"}],"replies":[{"embeddable":true,"href":"https:\/\/rehabitare.direito.ufmg.br\/index.php?rest_route=%2Fwp%2Fv2%2Fcomments&post=4215"}],"version-history":[{"count":1,"href":"https:\/\/rehabitare.direito.ufmg.br\/index.php?rest_route=\/wp\/v2\/posts\/4215\/revisions"}],"predecessor-version":[{"id":4217,"href":"https:\/\/rehabitare.direito.ufmg.br\/index.php?rest_route=\/wp\/v2\/posts\/4215\/revisions\/4217"}],"wp:featuredmedia":[{"embeddable":true,"href":"https:\/\/rehabitare.direito.ufmg.br\/index.php?rest_route=\/wp\/v2\/media\/4216"}],"wp:attachment":[{"href":"https:\/\/rehabitare.direito.ufmg.br\/index.php?rest_route=%2Fwp%2Fv2%2Fmedia&parent=4215"}],"wp:term":[{"taxonomy":"category","embeddable":true,"href":"https:\/\/rehabitare.direito.ufmg.br\/index.php?rest_route=%2Fwp%2Fv2%2Fcategories&post=4215"},{"taxonomy":"post_tag","embeddable":true,"href":"https:\/\/rehabitare.direito.ufmg.br\/index.php?rest_route=%2Fwp%2Fv2%2Ftags&post=4215"}],"curies":[{"name":"wp","href":"https:\/\/api.w.org\/{rel}","templated":true}]}}