{"id":4222,"date":"2024-07-09T08:23:15","date_gmt":"2024-07-09T11:23:15","guid":{"rendered":"http:\/\/rehabitare.direito.ufmg.br\/?p=4222"},"modified":"2024-07-09T08:25:07","modified_gmt":"2024-07-09T11:25:07","slug":"esculturas-em-homenagem-a-lelia-gonzalez-e-carolina-maria-de-jesus-sao-inauguradas-historicas","status":"publish","type":"post","link":"https:\/\/rehabitare.direito.ufmg.br\/?p=4222","title":{"rendered":"Esculturas em homenagem a L\u00e9lia Gonzalez e Carolina Maria de Jesus s\u00e3o inauguradas: &#8216;Hist\u00f3ricas&#8217;"},"content":{"rendered":"<p>As esculturas em homenagem \u00e0s ativistas e intelectuais mineiras L\u00e9lia Gonzalez e Carolina Maria de Jesus \u2014 saiba mais sobre elas abaixo \u2014 foram inauguradas no Parque Municipal de Belo Horizonte neste domingo (30 de junho). As homenagens passam a integrar o Circuito Liter\u00e1rio da capital mineira.<\/p>\n<p>A cerim\u00f4nia teve a presen\u00e7a de familiares de L\u00e9lia e Carolina, al\u00e9m de pol\u00edticos e membros da sociedade civil. As esculturas de bronze, em tamanho real, foram confeccionadas pelo artista L\u00e9o Santana. A emo\u00e7\u00e3o tomou conta do p\u00fablico que marcou presen\u00e7a em frente ao Teatro Francisco Nunes.<\/p>\n<p>Carolina Maria de Jesus \u00e9 considerada uma das primeiras e mais importantes escritoras negras do Brasil. Ela \u00e9 autora de obras como &#8216;Quarto de despejo: di\u00e1rio de uma favelada&#8217;. Mineira, natural de Sacramento, na regi\u00e3o do Alto Parana\u00edba, ela compartilhou a dura realidade de ser uma mulher negra, pobre e perif\u00e9rica. Sua primeira obra vendeu cerca de 3 milh\u00f5es de livros, em 16 idiomas.<\/p>\n<p>A antrop\u00f3loga L\u00e9lia Gonzalez \u00e9 considerada a primeira mulher negra a se dedicar aos estudos de ra\u00e7a e g\u00eanero no Brasil. A belo-horizontina \u00e9 respons\u00e1vel por colocar a intelectualidade dela a servi\u00e7o da luta das mulheres no Brasil e revolucionar o movimento negro no pa\u00eds.<\/p>\n<p>Fonte:\u00a0<a href=\"https:\/\/www.otempo.com.br\/cidades\/2024\/6\/30\/esculturas-em-homenagem-a-lelia-gonzalez-e-carolina-maria-de-jes\">https:\/\/www.otempo.com.br\/cidades\/2024\/6\/30\/esculturas-em-homenagem-a-lelia-gonzalez-e-carolina-maria-de-jes<\/a><\/p>\n<p>Foto: retirada da reportagem.<\/p>\n","protected":false},"excerpt":{"rendered":"<p>As esculturas em homenagem \u00e0s ativistas e intelectuais mineiras L\u00e9lia Gonzalez e Carolina Maria de Jesus \u2014 saiba mais sobre elas abaixo \u2014 foram inauguradas [&hellip;] <span class=\"read-more-link\"><a class=\"read-more\" href=\"https:\/\/rehabitare.direito.ufmg.br\/?p=4222\">Read More<\/a><\/span><\/p>\n","protected":false},"author":1,"featured_media":4224,"comment_status":"open","ping_status":"open","sticky":false,"template":"","format":"standard","meta":{"footnotes":""},"categories":[7],"tags":[201,240,184,142],"class_list":["post-4222","post","type-post","status-publish","format-standard","has-post-thumbnail","hentry","category-noticias","tag-direito-a-moradia","tag-direitos-humanos","tag-movimento-social","tag-mulheres-e-moradia"],"_links":{"self":[{"href":"https:\/\/rehabitare.direito.ufmg.br\/index.php?rest_route=\/wp\/v2\/posts\/4222"}],"collection":[{"href":"https:\/\/rehabitare.direito.ufmg.br\/index.php?rest_route=\/wp\/v2\/posts"}],"about":[{"href":"https:\/\/rehabitare.direito.ufmg.br\/index.php?rest_route=\/wp\/v2\/types\/post"}],"author":[{"embeddable":true,"href":"https:\/\/rehabitare.direito.ufmg.br\/index.php?rest_route=\/wp\/v2\/users\/1"}],"replies":[{"embeddable":true,"href":"https:\/\/rehabitare.direito.ufmg.br\/index.php?rest_route=%2Fwp%2Fv2%2Fcomments&post=4222"}],"version-history":[{"count":1,"href":"https:\/\/rehabitare.direito.ufmg.br\/index.php?rest_route=\/wp\/v2\/posts\/4222\/revisions"}],"predecessor-version":[{"id":4223,"href":"https:\/\/rehabitare.direito.ufmg.br\/index.php?rest_route=\/wp\/v2\/posts\/4222\/revisions\/4223"}],"wp:featuredmedia":[{"embeddable":true,"href":"https:\/\/rehabitare.direito.ufmg.br\/index.php?rest_route=\/wp\/v2\/media\/4224"}],"wp:attachment":[{"href":"https:\/\/rehabitare.direito.ufmg.br\/index.php?rest_route=%2Fwp%2Fv2%2Fmedia&parent=4222"}],"wp:term":[{"taxonomy":"category","embeddable":true,"href":"https:\/\/rehabitare.direito.ufmg.br\/index.php?rest_route=%2Fwp%2Fv2%2Fcategories&post=4222"},{"taxonomy":"post_tag","embeddable":true,"href":"https:\/\/rehabitare.direito.ufmg.br\/index.php?rest_route=%2Fwp%2Fv2%2Ftags&post=4222"}],"curies":[{"name":"wp","href":"https:\/\/api.w.org\/{rel}","templated":true}]}}