{"id":4228,"date":"2024-07-12T14:01:07","date_gmt":"2024-07-12T17:01:07","guid":{"rendered":"http:\/\/rehabitare.direito.ufmg.br\/?p=4228"},"modified":"2024-07-12T14:01:07","modified_gmt":"2024-07-12T17:01:07","slug":"marco-regulatorio-dara-seguranca-na-construcao-de-moradias-por-autogestao","status":"publish","type":"post","link":"https:\/\/rehabitare.direito.ufmg.br\/?p=4228","title":{"rendered":"Marco regulat\u00f3rio dar\u00e1 seguran\u00e7a na constru\u00e7\u00e3o de moradias por autogest\u00e3o"},"content":{"rendered":"<p>Baratear as obras, permitir maior controle e influ\u00eancia dos futuros moradores sobre suas pr\u00f3prias resid\u00eancias e viabilizar o sonho da casa pr\u00f3pria s\u00e3o algumas premissas da constru\u00e7\u00e3o de moradias populares pela modalidade de autogest\u00e3o, que foi destacada em audi\u00eancia p\u00fablica da Comiss\u00e3o de Assuntos Municipais e Regionaliza\u00e7\u00e3o da Assembleia Legislativa de Minas Gerais (ALMG), na segunda-feira (8\/7\/24).<\/p>\n<p>A reuni\u00e3o foi solicitada pelo deputado Leleco Pimentel (PT), autor do Projeto de Lei (PL) 195\/23, cujo objetivo \u00e9 instituir uma pol\u00edtica estadual de produ\u00e7\u00e3o social de moradia por autogest\u00e3o. A proposi\u00e7\u00e3o apresenta um marco regulat\u00f3rio para fomentar o associativismo e o cooperativismo, em processo solid\u00e1rio de constru\u00e7\u00e3o, assegurando o protagonismo da popula\u00e7\u00e3o na solu\u00e7\u00e3o dos seus problemas habitacionais.<\/p>\n<p>O projeto pretende estimular o financiamento de estudos preliminares, projetos e obras para a aquisi\u00e7\u00e3o de moradias populares. \u201cA autogest\u00e3o \u00e9 uma ferramenta de liberta\u00e7\u00e3o, anticapitalista e profundamente ligada \u00e0 solidariedade\u201d, destacou o parlamentar.<\/p>\n<p>Representando a Secretaria Nacional de Participa\u00e7\u00e3o Social, Paulo Jos\u00e9 Oliveira lembrou que a autogest\u00e3o n\u00e3o \u00e9 novidade, uma vez que a amplia\u00e7\u00e3o do per\u00edmetro urbano das metr\u00f3poles muitas vezes se deu com o trabalho coletivo na constru\u00e7\u00e3o de resid\u00eancias, em mutir\u00f5es envolvendo familiares, amigos e a comunidade.<\/p>\n<p>Fonte:\u00a0<a href=\"https:\/\/www.almg.gov.br\/comunicacao\/noticias\/arquivos\/Marco-regulatorio-dara-seguranca-na-construcao-de-moradias-por-autogestao\/\">https:\/\/www.almg.gov.br\/comunicacao\/noticias\/arquivos\/Marco-regulatorio-dara-seguranca-na-construcao-de-moradias-por-autogestao\/<\/a><\/p>\n<p>Foto: retirada da reportagem.<\/p>\n","protected":false},"excerpt":{"rendered":"<p>Baratear as obras, permitir maior controle e influ\u00eancia dos futuros moradores sobre suas pr\u00f3prias resid\u00eancias e viabilizar o sonho da casa pr\u00f3pria s\u00e3o algumas premissas [&hellip;] <span class=\"read-more-link\"><a class=\"read-more\" href=\"https:\/\/rehabitare.direito.ufmg.br\/?p=4228\">Read More<\/a><\/span><\/p>\n","protected":false},"author":1,"featured_media":4229,"comment_status":"open","ping_status":"open","sticky":false,"template":"","format":"standard","meta":{"footnotes":""},"categories":[7],"tags":[201,240,14,174,9,248],"class_list":["post-4228","post","type-post","status-publish","format-standard","has-post-thumbnail","hentry","category-noticias","tag-direito-a-moradia","tag-direitos-humanos","tag-habitacao","tag-moradia","tag-moradia-adequada","tag-politica-publica"],"_links":{"self":[{"href":"https:\/\/rehabitare.direito.ufmg.br\/index.php?rest_route=\/wp\/v2\/posts\/4228"}],"collection":[{"href":"https:\/\/rehabitare.direito.ufmg.br\/index.php?rest_route=\/wp\/v2\/posts"}],"about":[{"href":"https:\/\/rehabitare.direito.ufmg.br\/index.php?rest_route=\/wp\/v2\/types\/post"}],"author":[{"embeddable":true,"href":"https:\/\/rehabitare.direito.ufmg.br\/index.php?rest_route=\/wp\/v2\/users\/1"}],"replies":[{"embeddable":true,"href":"https:\/\/rehabitare.direito.ufmg.br\/index.php?rest_route=%2Fwp%2Fv2%2Fcomments&post=4228"}],"version-history":[{"count":1,"href":"https:\/\/rehabitare.direito.ufmg.br\/index.php?rest_route=\/wp\/v2\/posts\/4228\/revisions"}],"predecessor-version":[{"id":4230,"href":"https:\/\/rehabitare.direito.ufmg.br\/index.php?rest_route=\/wp\/v2\/posts\/4228\/revisions\/4230"}],"wp:featuredmedia":[{"embeddable":true,"href":"https:\/\/rehabitare.direito.ufmg.br\/index.php?rest_route=\/wp\/v2\/media\/4229"}],"wp:attachment":[{"href":"https:\/\/rehabitare.direito.ufmg.br\/index.php?rest_route=%2Fwp%2Fv2%2Fmedia&parent=4228"}],"wp:term":[{"taxonomy":"category","embeddable":true,"href":"https:\/\/rehabitare.direito.ufmg.br\/index.php?rest_route=%2Fwp%2Fv2%2Fcategories&post=4228"},{"taxonomy":"post_tag","embeddable":true,"href":"https:\/\/rehabitare.direito.ufmg.br\/index.php?rest_route=%2Fwp%2Fv2%2Ftags&post=4228"}],"curies":[{"name":"wp","href":"https:\/\/api.w.org\/{rel}","templated":true}]}}