{"id":4232,"date":"2024-07-18T10:40:00","date_gmt":"2024-07-18T13:40:00","guid":{"rendered":"http:\/\/rehabitare.direito.ufmg.br\/?p=4232"},"modified":"2024-07-18T10:40:00","modified_gmt":"2024-07-18T13:40:00","slug":"ocupacao-do-mtst-completa-um-mes-no-edificio-do-inss-e-negocia-habitacao-popular-com-a-uniao","status":"publish","type":"post","link":"https:\/\/rehabitare.direito.ufmg.br\/?p=4232","title":{"rendered":"Ocupa\u00e7\u00e3o do MTST completa um m\u00eas no edif\u00edcio do INSS e negocia habita\u00e7\u00e3o popular com a Uni\u00e3o"},"content":{"rendered":"<p>Na tarde desta segunda-feira (8), um ato simb\u00f3lico marcou um m\u00eas da morte de Maria da Concei\u00e7\u00e3o Tavares e da ocupa\u00e7\u00e3o que leva o nome da economista. Mais de cem pessoas est\u00e3o h\u00e1 trinta dias morando na ocupa\u00e7\u00e3o, organizada pelo Movimento dos Trabalhadores Sem-Teto (MTST) no antigo pr\u00e9dio do INSS no centro de Porto Alegre. Os moradores, que foram atingidos pela enchente de maio, ocupam somente at\u00e9 o quarto andar do pr\u00e9dio que tem 26 pavimentos. O MTST j\u00e1 encaminhou um projeto para que o edif\u00edcio se torne local de moradia popular, e prev\u00ea a adequa\u00e7\u00e3o de 240 apartamentos.<\/p>\n<p>Cl\u00e1udia \u00c1vila, da coordena\u00e7\u00e3o nacional do MTST, afirma que est\u00e1 prevista para os pr\u00f3ximos dias uma reuni\u00e3o convocada pelo ministro M\u00e1rcio Mac\u00eado (Secretaria-Geral da Presid\u00eancia) com os ministros da Previd\u00eancia Social e das Cidades, com a Superintend\u00eancia do Patrim\u00f4nio da Uni\u00e3o e com o INSS. \u201cDeve haver a confirma\u00e7\u00e3o nos pr\u00f3ximos dias. Estamos bastante esperan\u00e7osos com isso\u201d, afirma a coordenadora do movimento.<\/p>\n<p>A procuradoria do INSS encaminhou a reintegra\u00e7\u00e3o de posse do edif\u00edcio \u2013 \u00e0 GZH, disse que o im\u00f3vel tem graves problemas el\u00e9tricos e hidr\u00e1ulicos. No entanto, segundo Cl\u00e1udia, h\u00e1 entendimento do Instituto sobre a necessidade de o pr\u00e9dio virar habita\u00e7\u00e3o popular. \u201cN\u00f3s j\u00e1 estamos com os engenheiros fazendo laudo estrutural e tomando provid\u00eancias para mostrar que sim, \u00e9 vi\u00e1vel a moradia provis\u00f3ria das fam\u00edlias que perderam as casas com a enchente e que est\u00e3o morando no pr\u00e9dio. E n\u00e3o s\u00f3 neste momento provis\u00f3rio, como a possibilidade de, atrav\u00e9s de retrofit, esse pr\u00e9dio ficar adequado para moradia popular\u201d, explica.<\/p>\n<p>Fonte:\u00a0<a href=\"https:\/\/sul21.com.br\/noticias\/geral\/2024\/07\/ocupacao-do-mtst-completa-um-mes-no-edificio-do-inss-e-negocia-habitacao-popular-com-a-uniao\/\">https:\/\/sul21.com.br\/noticias\/geral\/2024\/07\/ocupacao-do-mtst-completa-um-mes-no-edificio-do-inss-e-negocia-habitacao-popular-com-a-uniao\/<\/a><\/p>\n<p>Foto: retirada da reportagem.<\/p>\n","protected":false},"excerpt":{"rendered":"<p>Na tarde desta segunda-feira (8), um ato simb\u00f3lico marcou um m\u00eas da morte de Maria da Concei\u00e7\u00e3o Tavares e da ocupa\u00e7\u00e3o que leva o nome [&hellip;] <span class=\"read-more-link\"><a class=\"read-more\" href=\"https:\/\/rehabitare.direito.ufmg.br\/?p=4232\">Read More<\/a><\/span><\/p>\n","protected":false},"author":1,"featured_media":4233,"comment_status":"open","ping_status":"open","sticky":false,"template":"","format":"standard","meta":{"footnotes":""},"categories":[7],"tags":[149,201,174,9,189,4,179],"class_list":["post-4232","post","type-post","status-publish","format-standard","has-post-thumbnail","hentry","category-noticias","tag-quemocupanaotemculpa","tag-direito-a-moradia","tag-moradia","tag-moradia-adequada","tag-moradia-popular","tag-ocupacao","tag-ocupacoes-urbanas"],"_links":{"self":[{"href":"https:\/\/rehabitare.direito.ufmg.br\/index.php?rest_route=\/wp\/v2\/posts\/4232"}],"collection":[{"href":"https:\/\/rehabitare.direito.ufmg.br\/index.php?rest_route=\/wp\/v2\/posts"}],"about":[{"href":"https:\/\/rehabitare.direito.ufmg.br\/index.php?rest_route=\/wp\/v2\/types\/post"}],"author":[{"embeddable":true,"href":"https:\/\/rehabitare.direito.ufmg.br\/index.php?rest_route=\/wp\/v2\/users\/1"}],"replies":[{"embeddable":true,"href":"https:\/\/rehabitare.direito.ufmg.br\/index.php?rest_route=%2Fwp%2Fv2%2Fcomments&post=4232"}],"version-history":[{"count":1,"href":"https:\/\/rehabitare.direito.ufmg.br\/index.php?rest_route=\/wp\/v2\/posts\/4232\/revisions"}],"predecessor-version":[{"id":4234,"href":"https:\/\/rehabitare.direito.ufmg.br\/index.php?rest_route=\/wp\/v2\/posts\/4232\/revisions\/4234"}],"wp:featuredmedia":[{"embeddable":true,"href":"https:\/\/rehabitare.direito.ufmg.br\/index.php?rest_route=\/wp\/v2\/media\/4233"}],"wp:attachment":[{"href":"https:\/\/rehabitare.direito.ufmg.br\/index.php?rest_route=%2Fwp%2Fv2%2Fmedia&parent=4232"}],"wp:term":[{"taxonomy":"category","embeddable":true,"href":"https:\/\/rehabitare.direito.ufmg.br\/index.php?rest_route=%2Fwp%2Fv2%2Fcategories&post=4232"},{"taxonomy":"post_tag","embeddable":true,"href":"https:\/\/rehabitare.direito.ufmg.br\/index.php?rest_route=%2Fwp%2Fv2%2Ftags&post=4232"}],"curies":[{"name":"wp","href":"https:\/\/api.w.org\/{rel}","templated":true}]}}