{"id":4237,"date":"2024-07-22T13:18:37","date_gmt":"2024-07-22T16:18:37","guid":{"rendered":"http:\/\/rehabitare.direito.ufmg.br\/?p=4237"},"modified":"2024-08-28T16:41:21","modified_gmt":"2024-08-28T19:41:21","slug":"minha-casa-minha-vida-chega-a-cidades-de-ate-50-mil-habitantes","status":"publish","type":"post","link":"https:\/\/rehabitare.direito.ufmg.br\/?p=4237","title":{"rendered":"Minha Casa Minha Vida chega a cidades de at\u00e9 50 mil habitantes"},"content":{"rendered":"<p>O Governo Federal, atrav\u00e9s do Minist\u00e9rio das Cidades, publicou, nessa segunda-feira (15), a portaria onde constam as novas diretrizes e requisitos para a sele\u00e7\u00e3o do Minha Casa Minha Vida, para munic\u00edpios com at\u00e9 50 mil habitantes.<\/p>\n<p>\u00c9 a primeira vez que o programa ter\u00e1 oferta de moradias em \u00e1reas urbanas de munic\u00edpios com esse perfil populacional.<\/p>\n<p>Nesta nova modalidade, ser\u00e3o oferecidas 30 mil unidades habitacionais, sendo que 5 mil delas ser\u00e3o destinadas a pessoas residentes em \u00e1reas de risco, insalubres ou impr\u00f3prias para moradia, como eros\u00f5es, deslizamentos, lix\u00f5es ou assentamentos prec\u00e1rios.<\/p>\n<p>As outras 25 mil unidades foram distribu\u00eddas entre as 5 regi\u00f5es do pa\u00eds, sendo que o Nordeste deve ser atendido com o maior n\u00famero de casas, s\u00e3o 11.111 im\u00f3veis e S\u00e3o Paulo \u00e9 o estado com maior n\u00famero de unidades, 2.870.<\/p>\n<p>Outro crit\u00e9rio para estar apto \u00e9 que a renda bruta familiar mensal esteja enquadrada na Faixa Urbano 1 do Minha Casa Minha Vida, que \u00e9 de R$ 2.640 mensais, em \u00e1reas urbanas, ou Faixa Urbano 2, em caso de emerg\u00eancia ou calamidade p\u00fablica.<\/p>\n<p>Fonte:\u00a0<a href=\"https:\/\/agenciabrasil.ebc.com.br\/radioagencia-nacional\/geral\/audio\/2024-07\/minha-casa-minha-vida-chega-cidades-de-ate-50-mil-habitantes\">https:\/\/agenciabrasil.ebc.com.br\/radioagencia-nacional\/geral\/audio\/2024-07\/minha-casa-minha-vida-chega-cidades-de-ate-50-mil-habitantes<\/a><\/p>\n<p>Foto: retirada da reportagem.<\/p>\n","protected":false},"excerpt":{"rendered":"<p>O Governo Federal, atrav\u00e9s do Minist\u00e9rio das Cidades, publicou, nessa segunda-feira (15), a portaria onde constam as novas diretrizes e requisitos para a sele\u00e7\u00e3o do [&hellip;] <span class=\"read-more-link\"><a class=\"read-more\" href=\"https:\/\/rehabitare.direito.ufmg.br\/?p=4237\">Read More<\/a><\/span><\/p>\n","protected":false},"author":1,"featured_media":4294,"comment_status":"open","ping_status":"open","sticky":false,"template":"","format":"standard","meta":{"footnotes":""},"categories":[7],"tags":[174,9,189,248,190],"class_list":["post-4237","post","type-post","status-publish","format-standard","has-post-thumbnail","hentry","category-noticias","tag-moradia","tag-moradia-adequada","tag-moradia-popular","tag-politica-publica","tag-programa-de-moradia"],"_links":{"self":[{"href":"https:\/\/rehabitare.direito.ufmg.br\/index.php?rest_route=\/wp\/v2\/posts\/4237"}],"collection":[{"href":"https:\/\/rehabitare.direito.ufmg.br\/index.php?rest_route=\/wp\/v2\/posts"}],"about":[{"href":"https:\/\/rehabitare.direito.ufmg.br\/index.php?rest_route=\/wp\/v2\/types\/post"}],"author":[{"embeddable":true,"href":"https:\/\/rehabitare.direito.ufmg.br\/index.php?rest_route=\/wp\/v2\/users\/1"}],"replies":[{"embeddable":true,"href":"https:\/\/rehabitare.direito.ufmg.br\/index.php?rest_route=%2Fwp%2Fv2%2Fcomments&post=4237"}],"version-history":[{"count":1,"href":"https:\/\/rehabitare.direito.ufmg.br\/index.php?rest_route=\/wp\/v2\/posts\/4237\/revisions"}],"predecessor-version":[{"id":4238,"href":"https:\/\/rehabitare.direito.ufmg.br\/index.php?rest_route=\/wp\/v2\/posts\/4237\/revisions\/4238"}],"wp:featuredmedia":[{"embeddable":true,"href":"https:\/\/rehabitare.direito.ufmg.br\/index.php?rest_route=\/wp\/v2\/media\/4294"}],"wp:attachment":[{"href":"https:\/\/rehabitare.direito.ufmg.br\/index.php?rest_route=%2Fwp%2Fv2%2Fmedia&parent=4237"}],"wp:term":[{"taxonomy":"category","embeddable":true,"href":"https:\/\/rehabitare.direito.ufmg.br\/index.php?rest_route=%2Fwp%2Fv2%2Fcategories&post=4237"},{"taxonomy":"post_tag","embeddable":true,"href":"https:\/\/rehabitare.direito.ufmg.br\/index.php?rest_route=%2Fwp%2Fv2%2Ftags&post=4237"}],"curies":[{"name":"wp","href":"https:\/\/api.w.org\/{rel}","templated":true}]}}