{"id":4242,"date":"2024-07-27T22:12:16","date_gmt":"2024-07-28T01:12:16","guid":{"rendered":"http:\/\/rehabitare.direito.ufmg.br\/?p=4242"},"modified":"2024-07-27T22:12:16","modified_gmt":"2024-07-28T01:12:16","slug":"moradia-e-sono-a-quem-e-permitido-dormir-melhor","status":"publish","type":"post","link":"https:\/\/rehabitare.direito.ufmg.br\/?p=4242","title":{"rendered":"Moradia e sono: a quem \u00e9 permitido dormir melhor"},"content":{"rendered":"<p>Estudo rec\u00e9m-publicado revela: cidad\u00e3os de bairros segregados t\u00eam piores indicadores de sono, essencial para uma sa\u00fade digna. Medo da viol\u00eancia, falta de estrutura p\u00fablica e de locais de conviv\u00eancia est\u00e3o entre os motivos que fazem os mais pobres dormirem pior<\/p>\n<p>A falta de capacidade de dormir bem, sonhar, lembrar e compartilhar est\u00e1 na origem de nossa crise socioambiental, defende o professor e neurocientista Sidarta Ribeiro. E embora o sono esteja escasso para pessoas de todas as origens, tamb\u00e9m h\u00e1 desigualdade no dormir. \u00c9 o que mostra um estudo encabe\u00e7ado por pesquisadores ligados ao Laborat\u00f3rio de Educa\u00e7\u00e3o em Ambiente e Sa\u00fade da Fiocruz. Eles buscaram descobrir se o local de moradia influencia na qualidade do sono da popula\u00e7\u00e3o. Suas an\u00e1lises e conclus\u00f5es foram publicadas na edi\u00e7\u00e3o mais recente da Cadernos de Sa\u00fade P\u00fablica, revista ligada \u00e0 ENSP\/Fiocruz, parceira editorial de Outra Sa\u00fade.<\/p>\n<p>A conclus\u00e3o principal \u00e9 de que moradores de zonas residenciais segregadas t\u00eam, de fato, \u00edndices piores. T\u00eam mais chance de dormir uma quantidade de tempo insuficiente, ter priva\u00e7\u00e3o de sono e sonol\u00eancia diurna. Os pesquisadores entrevistaram mais de 9,9 mil pessoas, servidoras p\u00fablicas e aposentadas de seis capitais brasileiras, de estados do Nordeste, Sudeste e Sul. Definiram a \u201csegrega\u00e7\u00e3o residencial\u201d com base nos indicadores de renda, tamanho da fam\u00edlia e composi\u00e7\u00e3o \u00e9tnico-racial.<\/p>\n<p>O ambiente f\u00edsico onde vivem os cidad\u00e3os tamb\u00e9m influencia, enquanto \u201cenglobador da arquitetura e do planejamento da cidade como a conectividade das ruas, cal\u00e7adas, \u00e1reas residenciais e comerciais, disponibilidade de alimentos saud\u00e1veis e espa\u00e7os sociais\u201d. Ele afeta a mobilidade urbana, a pr\u00e1tica de atividade f\u00edsica e a coes\u00e3o social \u2013 fatores importantes para melhorar o sono.<\/p>\n<p>Fonte:\u00a0<a href=\"https:\/\/outraspalavras.net\/outrasaude\/moradia-e-sono-a-quem-e-permitido-dormir-melhor\/\">https:\/\/outraspalavras.net\/outrasaude\/moradia-e-sono-a-quem-e-permitido-dormir-melhor\/<\/a><\/p>\n<p>Foto: retirada da reportagem.<\/p>\n","protected":false},"excerpt":{"rendered":"<p>Estudo rec\u00e9m-publicado revela: cidad\u00e3os de bairros segregados t\u00eam piores indicadores de sono, essencial para uma sa\u00fade digna. Medo da viol\u00eancia, falta de estrutura p\u00fablica e [&hellip;] <span class=\"read-more-link\"><a class=\"read-more\" href=\"https:\/\/rehabitare.direito.ufmg.br\/?p=4242\">Read More<\/a><\/span><\/p>\n","protected":false},"author":1,"featured_media":4243,"comment_status":"open","ping_status":"open","sticky":false,"template":"","format":"standard","meta":{"footnotes":""},"categories":[7],"tags":[202,240,174,9,258],"class_list":["post-4242","post","type-post","status-publish","format-standard","has-post-thumbnail","hentry","category-noticias","tag-desigualdade","tag-direitos-humanos","tag-moradia","tag-moradia-adequada","tag-violacao-de-direitos"],"_links":{"self":[{"href":"https:\/\/rehabitare.direito.ufmg.br\/index.php?rest_route=\/wp\/v2\/posts\/4242"}],"collection":[{"href":"https:\/\/rehabitare.direito.ufmg.br\/index.php?rest_route=\/wp\/v2\/posts"}],"about":[{"href":"https:\/\/rehabitare.direito.ufmg.br\/index.php?rest_route=\/wp\/v2\/types\/post"}],"author":[{"embeddable":true,"href":"https:\/\/rehabitare.direito.ufmg.br\/index.php?rest_route=\/wp\/v2\/users\/1"}],"replies":[{"embeddable":true,"href":"https:\/\/rehabitare.direito.ufmg.br\/index.php?rest_route=%2Fwp%2Fv2%2Fcomments&post=4242"}],"version-history":[{"count":1,"href":"https:\/\/rehabitare.direito.ufmg.br\/index.php?rest_route=\/wp\/v2\/posts\/4242\/revisions"}],"predecessor-version":[{"id":4244,"href":"https:\/\/rehabitare.direito.ufmg.br\/index.php?rest_route=\/wp\/v2\/posts\/4242\/revisions\/4244"}],"wp:featuredmedia":[{"embeddable":true,"href":"https:\/\/rehabitare.direito.ufmg.br\/index.php?rest_route=\/wp\/v2\/media\/4243"}],"wp:attachment":[{"href":"https:\/\/rehabitare.direito.ufmg.br\/index.php?rest_route=%2Fwp%2Fv2%2Fmedia&parent=4242"}],"wp:term":[{"taxonomy":"category","embeddable":true,"href":"https:\/\/rehabitare.direito.ufmg.br\/index.php?rest_route=%2Fwp%2Fv2%2Fcategories&post=4242"},{"taxonomy":"post_tag","embeddable":true,"href":"https:\/\/rehabitare.direito.ufmg.br\/index.php?rest_route=%2Fwp%2Fv2%2Ftags&post=4242"}],"curies":[{"name":"wp","href":"https:\/\/api.w.org\/{rel}","templated":true}]}}