{"id":4245,"date":"2024-07-29T20:12:04","date_gmt":"2024-07-29T23:12:04","guid":{"rendered":"http:\/\/rehabitare.direito.ufmg.br\/?p=4245"},"modified":"2024-07-29T20:12:04","modified_gmt":"2024-07-29T23:12:04","slug":"governador-zema-decreta-desapropriacoes-de-moradias-para-construir-rodoanel-metropolitano","status":"publish","type":"post","link":"https:\/\/rehabitare.direito.ufmg.br\/?p=4245","title":{"rendered":"Governador Zema decreta desapropria\u00e7\u00f5es de moradias para construir Rodoanel Metropolitano"},"content":{"rendered":"<p>O governador de Minas, Romeu Zema (Novo), publicou no Di\u00e1rio Oficial desta quarta-feira (24), um decreto que declara de utilidade p\u00fablica uma \u00e1rea de quase 15 milh\u00f5es metros quadrados. Com isso, fica autorizada a desapropria\u00e7\u00e3o de moradores e comerciantes para a constru\u00e7\u00e3o do Rodoanel Metropolitano de BH.<\/p>\n<p>No total s\u00e3o 14.576.196,27 metros quadrados e o decreto prev\u00ea a desapropria\u00e7\u00e3o dos terrenos necess\u00e1rios para a obra de constru\u00e7\u00e3o da rodovia que pretende ligar 11 munic\u00edpios da Regi\u00e3o Metropolitana de Belo Horizonte (RMBH).<\/p>\n<p>A regi\u00e3o possui in\u00fameras nascentes que fazem parte da \u00e1rea de recarga da represa Vargem das Flores. O bairro est\u00e1 em processo de regulariza\u00e7\u00e3o fundi\u00e1ria e os moradores temem serem expulsos sem as devidas indeniza\u00e7\u00f5es.<\/p>\n<p>Fonte:\u00a0<a href=\"http:\/\/www.diariodecontagem.com.br\/Materia\/19769\/16\/governador-zema-decreta-desapropriacoes-de-moradias-para-construir-rodoanel-metropolitano\/\">http:\/\/www.diariodecontagem.com.br\/Materia\/19769\/16\/governador-zema-decreta-desapropriacoes-de-moradias-para-construir-rodoanel-metropolitano\/<\/a><\/p>\n<p>Foto: retirada da reportagem.<\/p>\n","protected":false},"excerpt":{"rendered":"<p>O governador de Minas, Romeu Zema (Novo), publicou no Di\u00e1rio Oficial desta quarta-feira (24), um decreto que declara de utilidade p\u00fablica uma \u00e1rea de quase [&hellip;] <span class=\"read-more-link\"><a class=\"read-more\" href=\"https:\/\/rehabitare.direito.ufmg.br\/?p=4245\">Read More<\/a><\/span><\/p>\n","protected":false},"author":1,"featured_media":4246,"comment_status":"open","ping_status":"open","sticky":false,"template":"","format":"standard","meta":{"footnotes":""},"categories":[7],"tags":[201,174,144,258],"class_list":["post-4245","post","type-post","status-publish","format-standard","has-post-thumbnail","hentry","category-noticias","tag-direito-a-moradia","tag-moradia","tag-remocoes-forcadas","tag-violacao-de-direitos"],"_links":{"self":[{"href":"https:\/\/rehabitare.direito.ufmg.br\/index.php?rest_route=\/wp\/v2\/posts\/4245"}],"collection":[{"href":"https:\/\/rehabitare.direito.ufmg.br\/index.php?rest_route=\/wp\/v2\/posts"}],"about":[{"href":"https:\/\/rehabitare.direito.ufmg.br\/index.php?rest_route=\/wp\/v2\/types\/post"}],"author":[{"embeddable":true,"href":"https:\/\/rehabitare.direito.ufmg.br\/index.php?rest_route=\/wp\/v2\/users\/1"}],"replies":[{"embeddable":true,"href":"https:\/\/rehabitare.direito.ufmg.br\/index.php?rest_route=%2Fwp%2Fv2%2Fcomments&post=4245"}],"version-history":[{"count":1,"href":"https:\/\/rehabitare.direito.ufmg.br\/index.php?rest_route=\/wp\/v2\/posts\/4245\/revisions"}],"predecessor-version":[{"id":4247,"href":"https:\/\/rehabitare.direito.ufmg.br\/index.php?rest_route=\/wp\/v2\/posts\/4245\/revisions\/4247"}],"wp:featuredmedia":[{"embeddable":true,"href":"https:\/\/rehabitare.direito.ufmg.br\/index.php?rest_route=\/wp\/v2\/media\/4246"}],"wp:attachment":[{"href":"https:\/\/rehabitare.direito.ufmg.br\/index.php?rest_route=%2Fwp%2Fv2%2Fmedia&parent=4245"}],"wp:term":[{"taxonomy":"category","embeddable":true,"href":"https:\/\/rehabitare.direito.ufmg.br\/index.php?rest_route=%2Fwp%2Fv2%2Fcategories&post=4245"},{"taxonomy":"post_tag","embeddable":true,"href":"https:\/\/rehabitare.direito.ufmg.br\/index.php?rest_route=%2Fwp%2Fv2%2Ftags&post=4245"}],"curies":[{"name":"wp","href":"https:\/\/api.w.org\/{rel}","templated":true}]}}