{"id":4308,"date":"2024-09-09T23:02:40","date_gmt":"2024-09-10T02:02:40","guid":{"rendered":"http:\/\/rehabitare.direito.ufmg.br\/?p=4308"},"modified":"2024-09-09T23:02:40","modified_gmt":"2024-09-10T02:02:40","slug":"ibge-160-mil-pessoas-vivem-em-domicilios-improvisados-no-brasil","status":"publish","type":"post","link":"https:\/\/rehabitare.direito.ufmg.br\/?p=4308","title":{"rendered":"IBGE: 160 mil pessoas vivem em domic\u00edlios improvisados no Brasil"},"content":{"rendered":"<p>Mais de 160 mil pessoas vivem em moradias improvisadas no Brasil. O IBGE divulgou nesta sexta-feira (6) informa\u00e7\u00f5es sobre pessoas que vivem em tendas, barracas e demais domic\u00edlios prec\u00e1rios. \u00c9 a primeira vez que o IBGE divulga dados dessa natureza no \u00e2mbito do Censo.<\/p>\n<p>Em 2022, 160.485 pessoas residiam em domic\u00edlios improvisados no Brasil. O n\u00famero representa 0,08% da popula\u00e7\u00e3o brasileira, de cerca de 203 milh\u00f5es de pessoas, mas exp\u00f5e a precariedade das moradias de milhares de pessoas no Brasil.<\/p>\n<p>Do total, 57 mil pessoas viviam em tendas ou barracas, segundo o IBGE. Conforme o Censo 2022, 35,3% de toda a popula\u00e7\u00e3o que reside em local improvisado vivem nesta modalidade.<\/p>\n<p>H\u00e1 quem more em logradouros p\u00fablicos. Segundo o IBGE, 14.598 pessoas viviam em estruturas em pra\u00e7as, parques etc. Vale pontuar que o Censo n\u00e3o apura as pessoas em situa\u00e7\u00e3o de rua, especificamente.<\/p>\n<p>Mais de 43 mil pessoas vivem em estabelecimentos em funcionamento. Essa fatia, segundo o IBGE, pode representar pessoas que moram dentro de bares, restaurantes e outros com\u00e9rcios.<\/p>\n<p>Pessoas vivendo em ve\u00edculos. O levantamento do IBGE tamb\u00e9m traz dados sobre pessoas que residem em carros, caminh\u00f5es e trailers, barcos e etc. Nesta condi\u00e7\u00e3o viviam 1.875 pessoas em 2022.<\/p>\n<p>Fonte:\u00a0<a href=\"https:\/\/noticias.uol.com.br\/cotidiano\/ultimas-noticias\/2024\/09\/06\/tipo-de-domicilio-improvisado-ibge-tendas-barracas.htm\">https:\/\/noticias.uol.com.br\/cotidiano\/ultimas-noticias\/2024\/09\/06\/tipo-de-domicilio-improvisado-ibge-tendas-barracas.htm<\/a><\/p>\n<p>Foto: retirada da reportagem.<\/p>\n","protected":false},"excerpt":{"rendered":"<p>Mais de 160 mil pessoas vivem em moradias improvisadas no Brasil. O IBGE divulgou nesta sexta-feira (6) informa\u00e7\u00f5es sobre pessoas que vivem em tendas, barracas [&hellip;] <span class=\"read-more-link\"><a class=\"read-more\" href=\"https:\/\/rehabitare.direito.ufmg.br\/?p=4308\">Read More<\/a><\/span><\/p>\n","protected":false},"author":1,"featured_media":4309,"comment_status":"open","ping_status":"open","sticky":false,"template":"","format":"standard","meta":{"footnotes":""},"categories":[7],"tags":[141,201,174,9,258],"class_list":["post-4308","post","type-post","status-publish","format-standard","has-post-thumbnail","hentry","category-noticias","tag-deficit-habitacional","tag-direito-a-moradia","tag-moradia","tag-moradia-adequada","tag-violacao-de-direitos"],"_links":{"self":[{"href":"https:\/\/rehabitare.direito.ufmg.br\/index.php?rest_route=\/wp\/v2\/posts\/4308"}],"collection":[{"href":"https:\/\/rehabitare.direito.ufmg.br\/index.php?rest_route=\/wp\/v2\/posts"}],"about":[{"href":"https:\/\/rehabitare.direito.ufmg.br\/index.php?rest_route=\/wp\/v2\/types\/post"}],"author":[{"embeddable":true,"href":"https:\/\/rehabitare.direito.ufmg.br\/index.php?rest_route=\/wp\/v2\/users\/1"}],"replies":[{"embeddable":true,"href":"https:\/\/rehabitare.direito.ufmg.br\/index.php?rest_route=%2Fwp%2Fv2%2Fcomments&post=4308"}],"version-history":[{"count":1,"href":"https:\/\/rehabitare.direito.ufmg.br\/index.php?rest_route=\/wp\/v2\/posts\/4308\/revisions"}],"predecessor-version":[{"id":4310,"href":"https:\/\/rehabitare.direito.ufmg.br\/index.php?rest_route=\/wp\/v2\/posts\/4308\/revisions\/4310"}],"wp:featuredmedia":[{"embeddable":true,"href":"https:\/\/rehabitare.direito.ufmg.br\/index.php?rest_route=\/wp\/v2\/media\/4309"}],"wp:attachment":[{"href":"https:\/\/rehabitare.direito.ufmg.br\/index.php?rest_route=%2Fwp%2Fv2%2Fmedia&parent=4308"}],"wp:term":[{"taxonomy":"category","embeddable":true,"href":"https:\/\/rehabitare.direito.ufmg.br\/index.php?rest_route=%2Fwp%2Fv2%2Fcategories&post=4308"},{"taxonomy":"post_tag","embeddable":true,"href":"https:\/\/rehabitare.direito.ufmg.br\/index.php?rest_route=%2Fwp%2Fv2%2Ftags&post=4308"}],"curies":[{"name":"wp","href":"https:\/\/api.w.org\/{rel}","templated":true}]}}