{"id":4311,"date":"2024-09-11T21:36:00","date_gmt":"2024-09-12T00:36:00","guid":{"rendered":"http:\/\/rehabitare.direito.ufmg.br\/?p=4311"},"modified":"2024-09-11T21:36:00","modified_gmt":"2024-09-12T00:36:00","slug":"projeto-de-moradias-populares-por-autogestao-e-aprovado-em-1o-turno","status":"publish","type":"post","link":"https:\/\/rehabitare.direito.ufmg.br\/?p=4311","title":{"rendered":"Projeto de moradias populares por autogest\u00e3o \u00e9 aprovado em 1\u00ba turno"},"content":{"rendered":"<p>O Projeto de Lei (PL) 195\/23, do deputado Leleco Pimentel (PT), que originalmente institui a Pol\u00edtica Estadual de Produ\u00e7\u00e3o Social de Moradia por Autogest\u00e3o, foi aprovado em 1\u00ba turno, nesta quarta-feira (4\/9\/24), na Reuni\u00e3o Extraordin\u00e1ria de Plen\u00e1rio da Assembleia Legislativa de Minas Gerais (ALMG).<\/p>\n<p>O projeto tem o objetivo de fomentar o cooperativismo e o associativismo, permitindo aos futuros moradores participar ativamente do processo de constru\u00e7\u00e3o e gest\u00e3o de suas pr\u00f3prias resid\u00eancias, para reduzir custos e aumentar o seu controle sobre o resultado final.<\/p>\n<p>Durante a tramita\u00e7\u00e3o da mat\u00e9ria, a Comiss\u00e3o de Constitui\u00e7\u00e3o e Justi\u00e7a (CCJ) sugeriu, entre outras modifica\u00e7\u00f5es, a retirada da men\u00e7\u00e3o expressa a formas de financiamento e de execu\u00e7\u00e3o da pol\u00edtica, mat\u00e9rias de compet\u00eancia privativa do Poder Executivo.<\/p>\n<p>Os deputados aprovaram, ent\u00e3o, o novo texto proposto pela CCJ, o substitutivo n\u00ba 1, o qual passa a estabelecer as diretrizes e os objetivos da pol\u00edtica proposta.<\/p>\n<p>Entre as diretrizes, est\u00e3o a adequa\u00e7\u00e3o ambiental do projeto, a compatibilidade entre a proposta de empreendimento habitacional e as normas urban\u00edsticas locais e a sele\u00e7\u00e3o de propostas por meio de chamamentos p\u00fablicos, garantindo a distribui\u00e7\u00e3o compat\u00edvel com o d\u00e9ficit habitacional regionalizado.<\/p>\n<p>Fonte:\u00a0<a href=\"https:\/\/www.almg.gov.br\/comunicacao\/noticias\/arquivos\/Projeto-de-moradias-populares-por-autogestao-e-aprovado-em-1-turno\/\">https:\/\/www.almg.gov.br\/comunicacao\/noticias\/arquivos\/Projeto-de-moradias-populares-por-autogestao-e-aprovado-em-1-turno\/<\/a><\/p>\n<p>Foto: retirada da reportagem.<\/p>\n","protected":false},"excerpt":{"rendered":"<p>O Projeto de Lei (PL) 195\/23, do deputado Leleco Pimentel (PT), que originalmente institui a Pol\u00edtica Estadual de Produ\u00e7\u00e3o Social de Moradia por Autogest\u00e3o, foi [&hellip;] <span class=\"read-more-link\"><a class=\"read-more\" href=\"https:\/\/rehabitare.direito.ufmg.br\/?p=4311\">Read More<\/a><\/span><\/p>\n","protected":false},"author":1,"featured_media":4312,"comment_status":"open","ping_status":"open","sticky":false,"template":"","format":"standard","meta":{"footnotes":""},"categories":[7],"tags":[201,174,9,183,248,190],"class_list":["post-4311","post","type-post","status-publish","format-standard","has-post-thumbnail","hentry","category-noticias","tag-direito-a-moradia","tag-moradia","tag-moradia-adequada","tag-politica-habitacional","tag-politica-publica","tag-programa-de-moradia"],"_links":{"self":[{"href":"https:\/\/rehabitare.direito.ufmg.br\/index.php?rest_route=\/wp\/v2\/posts\/4311"}],"collection":[{"href":"https:\/\/rehabitare.direito.ufmg.br\/index.php?rest_route=\/wp\/v2\/posts"}],"about":[{"href":"https:\/\/rehabitare.direito.ufmg.br\/index.php?rest_route=\/wp\/v2\/types\/post"}],"author":[{"embeddable":true,"href":"https:\/\/rehabitare.direito.ufmg.br\/index.php?rest_route=\/wp\/v2\/users\/1"}],"replies":[{"embeddable":true,"href":"https:\/\/rehabitare.direito.ufmg.br\/index.php?rest_route=%2Fwp%2Fv2%2Fcomments&post=4311"}],"version-history":[{"count":1,"href":"https:\/\/rehabitare.direito.ufmg.br\/index.php?rest_route=\/wp\/v2\/posts\/4311\/revisions"}],"predecessor-version":[{"id":4313,"href":"https:\/\/rehabitare.direito.ufmg.br\/index.php?rest_route=\/wp\/v2\/posts\/4311\/revisions\/4313"}],"wp:featuredmedia":[{"embeddable":true,"href":"https:\/\/rehabitare.direito.ufmg.br\/index.php?rest_route=\/wp\/v2\/media\/4312"}],"wp:attachment":[{"href":"https:\/\/rehabitare.direito.ufmg.br\/index.php?rest_route=%2Fwp%2Fv2%2Fmedia&parent=4311"}],"wp:term":[{"taxonomy":"category","embeddable":true,"href":"https:\/\/rehabitare.direito.ufmg.br\/index.php?rest_route=%2Fwp%2Fv2%2Fcategories&post=4311"},{"taxonomy":"post_tag","embeddable":true,"href":"https:\/\/rehabitare.direito.ufmg.br\/index.php?rest_route=%2Fwp%2Fv2%2Ftags&post=4311"}],"curies":[{"name":"wp","href":"https:\/\/api.w.org\/{rel}","templated":true}]}}