{"id":4320,"date":"2024-09-18T21:13:11","date_gmt":"2024-09-19T00:13:11","guid":{"rendered":"http:\/\/rehabitare.direito.ufmg.br\/?p=4320"},"modified":"2024-09-18T21:13:11","modified_gmt":"2024-09-19T00:13:11","slug":"dprj-assina-tac-que-indeniza-ex-moradores-do-predio-da-caixa","status":"publish","type":"post","link":"https:\/\/rehabitare.direito.ufmg.br\/?p=4320","title":{"rendered":"DPRJ assina TAC que indeniza ex-moradores do &#8216;Pr\u00e9dio da Caixa&#8217;"},"content":{"rendered":"<p>A Defensoria P\u00fablica do Estado do Rio de Janeiro celebrou, nesta semana, um Termo de Ajustamento de Conduta (TAC) com o Munic\u00edpio de Niter\u00f3i e o Minist\u00e9rio P\u00fablico do Estado do Rio de Janeiro para assegurar a indeniza\u00e7\u00e3o de propriet\u00e1rios e possuidores das unidades habitacionais (pessoas que moravam no local, mas n\u00e3o tinham a documenta\u00e7\u00e3o de propriet\u00e1rios) do Edif\u00edcio Nossa Senhora da Concei\u00e7\u00e3o, mais conhecido como &#8220;Pr\u00e9dio da Caixa&#8221;, no Centro de Niter\u00f3i.<\/p>\n<p>O edif\u00edcio, que abrigava 382 unidades residenciais e 13 lojas, foi desocupado em 2019, ap\u00f3s um pedido feito pelo Minist\u00e9rio P\u00fablico numa a\u00e7\u00e3o que alegou riscos de inc\u00eandio e condi\u00e7\u00f5es de moradia prec\u00e1rias. Desde ent\u00e3o, o im\u00f3vel foi desapropriado pelo munic\u00edpio e muitas fam\u00edlias que residiam no pr\u00e9dio se encontram em situa\u00e7\u00e3o de vulnerabilidade social.<\/p>\n<p>O acordo, celebrado por meio do 6\u00b0 N\u00facleo Regional de Tutela Coletiva da Defensoria P\u00fablica e pela coordena\u00e7\u00e3o da Tutela Coletiva, estabelece crit\u00e9rios para o pagamento de indeniza\u00e7\u00f5es a antigos moradores pela desapropria\u00e7\u00e3o.<\/p>\n<p>A indeniza\u00e7\u00e3o ser\u00e1 destinada tanto a propriet\u00e1rios quanto a possuidores que residiram no im\u00f3vel por mais de cinco anos, sem oposi\u00e7\u00e3o, e que utilizavam as unidades como moradia pr\u00f3pria. Para aqueles que tinham o im\u00f3vel por menos tempo, o TAC garante o direito a uma indeniza\u00e7\u00e3o proporcional, que varia de 20% a 80% do valor de mercado da unidade, conforme o tempo de posse. O morador poder\u00e1 optar ainda por ser inclu\u00eddo em programas habitacionais, como o &#8220;Minha casa, minha vida&#8221;.<\/p>\n<p>Fonte:\u00a0<a href=\"https:\/\/defensoria.rj.def.br\/noticia\/detalhes\/30105-DPRJ-assina-TAC-que-indeniza-ex-moradores-do-Predio-da-Caixa-\">https:\/\/defensoria.rj.def.br\/noticia\/detalhes\/30105-DPRJ-assina-TAC-que-indeniza-ex-moradores-do-Predio-da-Caixa-<\/a><\/p>\n<p>Foto: retirada da reportagem.<\/p>\n","protected":false},"excerpt":{"rendered":"<p>A Defensoria P\u00fablica do Estado do Rio de Janeiro celebrou, nesta semana, um Termo de Ajustamento de Conduta (TAC) com o Munic\u00edpio de Niter\u00f3i e [&hellip;] <span class=\"read-more-link\"><a class=\"read-more\" href=\"https:\/\/rehabitare.direito.ufmg.br\/?p=4320\">Read More<\/a><\/span><\/p>\n","protected":false},"author":1,"featured_media":0,"comment_status":"open","ping_status":"open","sticky":false,"template":"","format":"standard","meta":{"footnotes":""},"categories":[7],"tags":[267,201,240,174,9],"class_list":["post-4320","post","type-post","status-publish","format-standard","hentry","category-noticias","tag-desapropriacao","tag-direito-a-moradia","tag-direitos-humanos","tag-moradia","tag-moradia-adequada"],"_links":{"self":[{"href":"https:\/\/rehabitare.direito.ufmg.br\/index.php?rest_route=\/wp\/v2\/posts\/4320"}],"collection":[{"href":"https:\/\/rehabitare.direito.ufmg.br\/index.php?rest_route=\/wp\/v2\/posts"}],"about":[{"href":"https:\/\/rehabitare.direito.ufmg.br\/index.php?rest_route=\/wp\/v2\/types\/post"}],"author":[{"embeddable":true,"href":"https:\/\/rehabitare.direito.ufmg.br\/index.php?rest_route=\/wp\/v2\/users\/1"}],"replies":[{"embeddable":true,"href":"https:\/\/rehabitare.direito.ufmg.br\/index.php?rest_route=%2Fwp%2Fv2%2Fcomments&post=4320"}],"version-history":[{"count":1,"href":"https:\/\/rehabitare.direito.ufmg.br\/index.php?rest_route=\/wp\/v2\/posts\/4320\/revisions"}],"predecessor-version":[{"id":4322,"href":"https:\/\/rehabitare.direito.ufmg.br\/index.php?rest_route=\/wp\/v2\/posts\/4320\/revisions\/4322"}],"wp:attachment":[{"href":"https:\/\/rehabitare.direito.ufmg.br\/index.php?rest_route=%2Fwp%2Fv2%2Fmedia&parent=4320"}],"wp:term":[{"taxonomy":"category","embeddable":true,"href":"https:\/\/rehabitare.direito.ufmg.br\/index.php?rest_route=%2Fwp%2Fv2%2Fcategories&post=4320"},{"taxonomy":"post_tag","embeddable":true,"href":"https:\/\/rehabitare.direito.ufmg.br\/index.php?rest_route=%2Fwp%2Fv2%2Ftags&post=4320"}],"curies":[{"name":"wp","href":"https:\/\/api.w.org\/{rel}","templated":true}]}}