{"id":4323,"date":"2024-09-24T00:17:35","date_gmt":"2024-09-24T03:17:35","guid":{"rendered":"http:\/\/rehabitare.direito.ufmg.br\/?p=4323"},"modified":"2024-09-24T00:17:35","modified_gmt":"2024-09-24T03:17:35","slug":"revista-tematica-terras-e-habitacao","status":"publish","type":"post","link":"https:\/\/rehabitare.direito.ufmg.br\/?p=4323","title":{"rendered":"Revista Tem\u00e1tica Terras e Habita\u00e7\u00e3o"},"content":{"rendered":"<p>A Defensoria P\u00fablica do Estado Rio de Janeiro celebra 70 anos com a iniciativa do CEJUR de organizar, em conjunto com as Coordena\u00e7\u00f5es e N\u00facleos Especializados, as revistas tem\u00e1ticas que destacam a hist\u00f3ria da institui\u00e7\u00e3o e a difus\u00e3o de temas relevantes. Em 1989, surgiram o NUTH e o NULOT, defendendo comunidades vulner\u00e1veis. Ao longo do tempo, o NUTH adapta-se a novos desafios, focando na defesa da moradia e enfrentando um d\u00e9ficit habitacional de 420 mil unidades no Rio. Com parcerias acad\u00eamicas e um grupo interinstitucional, busca estrat\u00e9gias para prote\u00e7\u00e3o do direito \u00e0 moradia desenvolvidas juntamente com os moradores e para eles. Dessa forma, a Defensoria reafirma seu compromisso com a justi\u00e7a social e a dignidade das comunidades vulnerablizadas.<\/p>\n<p>Fonte:\u00a0<a href=\"http:\/\/revistadedireito.defensoria.rj.def.br\/uploads\/arquivos\/489a3510567643bc866a1d746ff40c86.pdf\">http:\/\/revistadedireito.defensoria.rj.def.br\/uploads\/arquivos\/489a3510567643bc866a1d746ff40c86.pdf<\/a><\/p>\n<p>Foto: retirada da revista.<\/p>\n","protected":false},"excerpt":{"rendered":"<p>A Defensoria P\u00fablica do Estado Rio de Janeiro celebra 70 anos com a iniciativa do CEJUR de organizar, em conjunto com as Coordena\u00e7\u00f5es e N\u00facleos [&hellip;] <span class=\"read-more-link\"><a class=\"read-more\" href=\"https:\/\/rehabitare.direito.ufmg.br\/?p=4323\">Read More<\/a><\/span><\/p>\n","protected":false},"author":1,"featured_media":4324,"comment_status":"open","ping_status":"open","sticky":false,"template":"","format":"standard","meta":{"footnotes":""},"categories":[7],"tags":[141,201,174,189],"class_list":["post-4323","post","type-post","status-publish","format-standard","has-post-thumbnail","hentry","category-noticias","tag-deficit-habitacional","tag-direito-a-moradia","tag-moradia","tag-moradia-popular"],"_links":{"self":[{"href":"https:\/\/rehabitare.direito.ufmg.br\/index.php?rest_route=\/wp\/v2\/posts\/4323"}],"collection":[{"href":"https:\/\/rehabitare.direito.ufmg.br\/index.php?rest_route=\/wp\/v2\/posts"}],"about":[{"href":"https:\/\/rehabitare.direito.ufmg.br\/index.php?rest_route=\/wp\/v2\/types\/post"}],"author":[{"embeddable":true,"href":"https:\/\/rehabitare.direito.ufmg.br\/index.php?rest_route=\/wp\/v2\/users\/1"}],"replies":[{"embeddable":true,"href":"https:\/\/rehabitare.direito.ufmg.br\/index.php?rest_route=%2Fwp%2Fv2%2Fcomments&post=4323"}],"version-history":[{"count":1,"href":"https:\/\/rehabitare.direito.ufmg.br\/index.php?rest_route=\/wp\/v2\/posts\/4323\/revisions"}],"predecessor-version":[{"id":4325,"href":"https:\/\/rehabitare.direito.ufmg.br\/index.php?rest_route=\/wp\/v2\/posts\/4323\/revisions\/4325"}],"wp:featuredmedia":[{"embeddable":true,"href":"https:\/\/rehabitare.direito.ufmg.br\/index.php?rest_route=\/wp\/v2\/media\/4324"}],"wp:attachment":[{"href":"https:\/\/rehabitare.direito.ufmg.br\/index.php?rest_route=%2Fwp%2Fv2%2Fmedia&parent=4323"}],"wp:term":[{"taxonomy":"category","embeddable":true,"href":"https:\/\/rehabitare.direito.ufmg.br\/index.php?rest_route=%2Fwp%2Fv2%2Fcategories&post=4323"},{"taxonomy":"post_tag","embeddable":true,"href":"https:\/\/rehabitare.direito.ufmg.br\/index.php?rest_route=%2Fwp%2Fv2%2Ftags&post=4323"}],"curies":[{"name":"wp","href":"https:\/\/api.w.org\/{rel}","templated":true}]}}