{"id":4331,"date":"2024-09-30T22:41:54","date_gmt":"2024-10-01T01:41:54","guid":{"rendered":"http:\/\/rehabitare.direito.ufmg.br\/?p=4331"},"modified":"2024-09-30T22:41:54","modified_gmt":"2024-10-01T01:41:54","slug":"governo-da-bahia-lanca-versao-estadual-do-minha-casa-minha-vida-para-ampliar-acesso-a-moradia-digna","status":"publish","type":"post","link":"https:\/\/rehabitare.direito.ufmg.br\/?p=4331","title":{"rendered":"Governo da Bahia lan\u00e7a vers\u00e3o estadual do &#8216;Minha Casa Minha Vida&#8217; para ampliar acesso \u00e0 moradia digna"},"content":{"rendered":"<p>O Governo da Bahia encaminhou \u00e0 Assembleia Legislativa (ALBA) um projeto de lei que cria o programa estadual &#8216;Minha Casa Minha Vida \u2013 Bahia&#8217;, inspirado no modelo nacional, com foco em oferecer moradia digna para fam\u00edlias em situa\u00e7\u00e3o de vulnerabilidade social. A iniciativa prioriza pessoas de baixa renda, idosos, mulheres chefes de fam\u00edlia e pessoas com defici\u00eancia, buscando reduzir o d\u00e9ficit habitacional no estado.<\/p>\n<p>O governador Jer\u00f4nimo Rodrigues destacou que o programa visa combater desigualdades regionais e promover a sustentabilidade. &#8216;Este projeto reafirma nosso compromisso com o bem-estar dos baianos, oferecendo moradia digna e condi\u00e7\u00f5es adequadas de infraestrutura para as fam\u00edlias que vivem em situa\u00e7\u00e3o de vulnerabilidade&#8217;, afirmou. Al\u00e9m da constru\u00e7\u00e3o de novas unidades, o projeto prev\u00ea a moderniza\u00e7\u00e3o de moradias j\u00e1 existentes e a regulariza\u00e7\u00e3o fundi\u00e1ria.<\/p>\n<p>Entre as diretrizes do &#8220;Minha Casa Minha Vida &#8211; Bahia&#8221; est\u00e3o a utiliza\u00e7\u00e3o de terrenos p\u00fablicos subutilizados, a ado\u00e7\u00e3o de tecnologias para reduzir custos e melhorar a efici\u00eancia energ\u00e9tica das constru\u00e7\u00f5es. O programa tamb\u00e9m prop\u00f5e garantir conectividade digital para as novas habita\u00e7\u00f5es, visando reduzir a exclus\u00e3o digital e fortalecer o acesso a servi\u00e7os e informa\u00e7\u00e3o nas regi\u00f5es beneficiadas.<\/p>\n<p>Fonte:\u00a0<a href=\"https:\/\/panoramadabahia.com.br\/governo-da-bahia-lanca-versao-estadual-do-minha-casa-minha-vida-para-ampliar-acesso-a-moradia-digna\/\">https:\/\/panoramadabahia.com.br\/governo-da-bahia-lanca-versao-estadual-do-minha-casa-minha-vida-para-ampliar-acesso-a-moradia-digna\/<\/a><\/p>\n<p>Foto: retirada da reportagem.<\/p>\n","protected":false},"excerpt":{"rendered":"<p>O Governo da Bahia encaminhou \u00e0 Assembleia Legislativa (ALBA) um projeto de lei que cria o programa estadual &#8216;Minha Casa Minha Vida \u2013 Bahia&#8217;, inspirado [&hellip;] <span class=\"read-more-link\"><a class=\"read-more\" href=\"https:\/\/rehabitare.direito.ufmg.br\/?p=4331\">Read More<\/a><\/span><\/p>\n","protected":false},"author":1,"featured_media":4332,"comment_status":"open","ping_status":"open","sticky":false,"template":"","format":"standard","meta":{"footnotes":""},"categories":[7],"tags":[201,174,9,189,190],"class_list":["post-4331","post","type-post","status-publish","format-standard","has-post-thumbnail","hentry","category-noticias","tag-direito-a-moradia","tag-moradia","tag-moradia-adequada","tag-moradia-popular","tag-programa-de-moradia"],"_links":{"self":[{"href":"https:\/\/rehabitare.direito.ufmg.br\/index.php?rest_route=\/wp\/v2\/posts\/4331"}],"collection":[{"href":"https:\/\/rehabitare.direito.ufmg.br\/index.php?rest_route=\/wp\/v2\/posts"}],"about":[{"href":"https:\/\/rehabitare.direito.ufmg.br\/index.php?rest_route=\/wp\/v2\/types\/post"}],"author":[{"embeddable":true,"href":"https:\/\/rehabitare.direito.ufmg.br\/index.php?rest_route=\/wp\/v2\/users\/1"}],"replies":[{"embeddable":true,"href":"https:\/\/rehabitare.direito.ufmg.br\/index.php?rest_route=%2Fwp%2Fv2%2Fcomments&post=4331"}],"version-history":[{"count":1,"href":"https:\/\/rehabitare.direito.ufmg.br\/index.php?rest_route=\/wp\/v2\/posts\/4331\/revisions"}],"predecessor-version":[{"id":4333,"href":"https:\/\/rehabitare.direito.ufmg.br\/index.php?rest_route=\/wp\/v2\/posts\/4331\/revisions\/4333"}],"wp:featuredmedia":[{"embeddable":true,"href":"https:\/\/rehabitare.direito.ufmg.br\/index.php?rest_route=\/wp\/v2\/media\/4332"}],"wp:attachment":[{"href":"https:\/\/rehabitare.direito.ufmg.br\/index.php?rest_route=%2Fwp%2Fv2%2Fmedia&parent=4331"}],"wp:term":[{"taxonomy":"category","embeddable":true,"href":"https:\/\/rehabitare.direito.ufmg.br\/index.php?rest_route=%2Fwp%2Fv2%2Fcategories&post=4331"},{"taxonomy":"post_tag","embeddable":true,"href":"https:\/\/rehabitare.direito.ufmg.br\/index.php?rest_route=%2Fwp%2Fv2%2Ftags&post=4331"}],"curies":[{"name":"wp","href":"https:\/\/api.w.org\/{rel}","templated":true}]}}