{"id":4337,"date":"2024-10-04T23:46:40","date_gmt":"2024-10-05T02:46:40","guid":{"rendered":"http:\/\/rehabitare.direito.ufmg.br\/?p=4337"},"modified":"2024-10-04T23:46:40","modified_gmt":"2024-10-05T02:46:40","slug":"ministra-detalha-politicas-de-protecao-a-infancia-e-a-pessoas-em-situacao-de-rua","status":"publish","type":"post","link":"https:\/\/rehabitare.direito.ufmg.br\/?p=4337","title":{"rendered":"Ministra detalha pol\u00edticas de prote\u00e7\u00e3o \u00e0 inf\u00e2ncia e a pessoas em situa\u00e7\u00e3o de rua"},"content":{"rendered":"<p>Durante a participa\u00e7\u00e3o no \u201cBom dia, Ministra\u201d desta quarta-feira, 2 de outubro, Maca\u00e9 Evaristo, ministra dos Direitos Humanos e da Cidadania (MDHC), refor\u00e7ou a necessidade de enfrentar a viola\u00e7\u00e3o de direitos das crian\u00e7as e adolescentes, abordou avan\u00e7os no programa Cidadania Maraj\u00f3 e detalhou a\u00e7\u00f5es voltadas para pessoas em situa\u00e7\u00e3o de rua.<\/p>\n<p>O Cidadania Maraj\u00f3 prioriza a articula\u00e7\u00e3o federativa e a participa\u00e7\u00e3o social, al\u00e9m de considerar as especificidades do territ\u00f3rio, com pol\u00edticas culturalmente adequadas para o arquip\u00e9lago que fica no estado do Par\u00e1.<\/p>\n<p>RUAS VIS\u00cdVEIS \u2013 No bate-papo, ao ser questionada sobre as a\u00e7\u00f5es para a popula\u00e7\u00e3o de rua, a ministra citou o Plano Ruas Vis\u00edveis. A iniciativa \u00e9 prioridade do MDHC, com medidas que tornam efetivas a Pol\u00edtica Nacional para a Popula\u00e7\u00e3o em Situa\u00e7\u00e3o de Rua para fortalecer aten\u00e7\u00e3o, cuidado e garantia de direitos para essa parcela da popula\u00e7\u00e3o.<\/p>\n<p>MORADIA CIDAD\u00c3 \u2014 Dentro do Ruas Vis\u00edveis, existe o Moradia Cidad\u00e3, que oferece acesso imediato \u00e0 moradia. \u201cMuitas fam\u00edlias est\u00e3o na rua porque n\u00e3o t\u00eam condi\u00e7\u00e3o de pagar aluguel, n\u00e3o t\u00eam moradia, n\u00e3o t\u00eam casa pr\u00f3pria. Ent\u00e3o \u00e9 preciso fazer uma pol\u00edtica federativa\u201d, destaca. Como parte do Moradia Cidad\u00e3, est\u00e1 o oferecimento de servi\u00e7os que orientem a autonomia, reabilita\u00e7\u00e3o psicossocial e redu\u00e7\u00e3o de danos.<\/p>\n<p>PONTOS DE APOIO \u2013 Maca\u00e9 tamb\u00e9m ressaltou outra iniciativa no \u00e2mbito do Ruas Vis\u00edveis, que s\u00e3o os Pontos de Apoio da Rua (PAR). A medida tem o objetivo de fomentar servi\u00e7os de cuidado e higiene pessoal para a popula\u00e7\u00e3o em situa\u00e7\u00e3o de rua, prestar informa\u00e7\u00f5es sobre cuidados b\u00e1sicos de sa\u00fade e dar aux\u00edlio a esse p\u00fablico acerca dos direitos civis garantidos pela Pol\u00edtica Nacional para a Popula\u00e7\u00e3o em Situa\u00e7\u00e3o de Rua.<\/p>\n<p>PROTE\u00c7\u00c3O \u2013 Maca\u00e9 mencionou que, nesse contexto, o acesso \u00e0 educa\u00e7\u00e3o, sa\u00fade e prote\u00e7\u00e3o de crian\u00e7as \u00e9 um aspecto fundamental. \u201cTemos alguns desafios ligados com a demarca\u00e7\u00e3o das terras mas, tamb\u00e9m, \u00e0 prote\u00e7\u00e3o de terras e \u00e1reas j\u00e1 demarcadas. Esse \u00e9 um desafio gigante que precisa ser tratado de forma intersetorial. Passa por educa\u00e7\u00e3o, pelo nosso minist\u00e9rio, constru\u00e7\u00e3o de centros de defesa dos direitos humanos, fortalecimento dos conselhos tutelares, casas de acolhida para as crian\u00e7as e fam\u00edlias ind\u00edgenas\u201d.<\/p>\n<p>Fonte:\u00a0<a href=\"https:\/\/abcdoabc.com.br\/ministra-detalha-politicas-de-protecao-a-infancia-e-a-pessoas-em-situacao-de-rua\/#fechar-aviso\">https:\/\/abcdoabc.com.br\/ministra-detalha-politicas-de-protecao-a-infancia-e-a-pessoas-em-situacao-de-rua\/#fechar-aviso<\/a><\/p>\n<p>Foto: retirada da reportagem.<\/p>\n","protected":false},"excerpt":{"rendered":"<p>Durante a participa\u00e7\u00e3o no \u201cBom dia, Ministra\u201d desta quarta-feira, 2 de outubro, Maca\u00e9 Evaristo, ministra dos Direitos Humanos e da Cidadania (MDHC), refor\u00e7ou a necessidade [&hellip;] <span class=\"read-more-link\"><a class=\"read-more\" href=\"https:\/\/rehabitare.direito.ufmg.br\/?p=4337\">Read More<\/a><\/span><\/p>\n","protected":false},"author":1,"featured_media":4338,"comment_status":"open","ping_status":"open","sticky":false,"template":"","format":"standard","meta":{"footnotes":""},"categories":[7],"tags":[201,174,9,189,190,167],"class_list":["post-4337","post","type-post","status-publish","format-standard","has-post-thumbnail","hentry","category-noticias","tag-direito-a-moradia","tag-moradia","tag-moradia-adequada","tag-moradia-popular","tag-programa-de-moradia","tag-sem-teto"],"_links":{"self":[{"href":"https:\/\/rehabitare.direito.ufmg.br\/index.php?rest_route=\/wp\/v2\/posts\/4337"}],"collection":[{"href":"https:\/\/rehabitare.direito.ufmg.br\/index.php?rest_route=\/wp\/v2\/posts"}],"about":[{"href":"https:\/\/rehabitare.direito.ufmg.br\/index.php?rest_route=\/wp\/v2\/types\/post"}],"author":[{"embeddable":true,"href":"https:\/\/rehabitare.direito.ufmg.br\/index.php?rest_route=\/wp\/v2\/users\/1"}],"replies":[{"embeddable":true,"href":"https:\/\/rehabitare.direito.ufmg.br\/index.php?rest_route=%2Fwp%2Fv2%2Fcomments&post=4337"}],"version-history":[{"count":1,"href":"https:\/\/rehabitare.direito.ufmg.br\/index.php?rest_route=\/wp\/v2\/posts\/4337\/revisions"}],"predecessor-version":[{"id":4339,"href":"https:\/\/rehabitare.direito.ufmg.br\/index.php?rest_route=\/wp\/v2\/posts\/4337\/revisions\/4339"}],"wp:featuredmedia":[{"embeddable":true,"href":"https:\/\/rehabitare.direito.ufmg.br\/index.php?rest_route=\/wp\/v2\/media\/4338"}],"wp:attachment":[{"href":"https:\/\/rehabitare.direito.ufmg.br\/index.php?rest_route=%2Fwp%2Fv2%2Fmedia&parent=4337"}],"wp:term":[{"taxonomy":"category","embeddable":true,"href":"https:\/\/rehabitare.direito.ufmg.br\/index.php?rest_route=%2Fwp%2Fv2%2Fcategories&post=4337"},{"taxonomy":"post_tag","embeddable":true,"href":"https:\/\/rehabitare.direito.ufmg.br\/index.php?rest_route=%2Fwp%2Fv2%2Ftags&post=4337"}],"curies":[{"name":"wp","href":"https:\/\/api.w.org\/{rel}","templated":true}]}}