{"id":4491,"date":"2025-01-28T14:36:13","date_gmt":"2025-01-28T17:36:13","guid":{"rendered":"https:\/\/rehabitare.direito.ufmg.br\/?p=4491"},"modified":"2025-01-28T14:36:14","modified_gmt":"2025-01-28T17:36:14","slug":"sao-pessoas-em-extrema-vulnerabilidade-diz-coordenadora-de-movimento-que-luta-por-moradia-segura-em-manaus","status":"publish","type":"post","link":"https:\/\/rehabitare.direito.ufmg.br\/?p=4491","title":{"rendered":"\u2018S\u00e3o pessoas em extrema vulnerabilidade\u2019, diz coordenadora de movimento que luta por moradia segura em Manaus"},"content":{"rendered":"\n<p>Cristiane Sales \u00e9 uma pedagoga que h\u00e1 mais de dez anos luta por justi\u00e7a social na cidade de Manaus, capital do Amazonas, onde est\u00e3o sete das 20 maiores favelas do pa\u00eds. S\u00e3o as pessoas que vivem nessas localidades que mais a preocupam. Com os eventos clim\u00e1ticos extremos, a luta por habita\u00e7\u00e3o segura e adequada tornou-se uma das maiores necessidades dessas popula\u00e7\u00f5es, transformando Sales numa defensora ambiental que tamb\u00e9m busca por justi\u00e7a clim\u00e1tica.<\/p>\n\n\n\n<p>Um dos principais resultados alcan\u00e7ados por Cristiane na luta por moradia foi o conjunto habitacional Orqu\u00eddeas, localizado no bairro Lagoa Azul, na zona norte de Manaus. Desde 2018, foram constru\u00eddas 600 casas para atender fam\u00edlias de baixa renda que antes viviam em ocupa\u00e7\u00e3o. Resultados como esse s\u00e3o o que ela, enquanto coordenadora da Uni\u00e3o Nacional por Moradia Popular, cobra do poder p\u00fablico em eventos como a 5\u00ba Confer\u00eancia Municipal de Meio Ambiente em Manaus, entre os dias 12 e 13 de dezembro do ano passado.<br><br>Na confer\u00eancia de Manaus, Cristiane prop\u00f4s a cria\u00e7\u00e3o de pol\u00edticas p\u00fablicas para o mapeamento das \u00e1reas de risco de desabamento e alagamentos, al\u00e9m da estrutura\u00e7\u00e3o de projetos de habita\u00e7\u00e3o e requalifica\u00e7\u00e3o urbana.<\/p>\n\n\n\n<p>Ela participou do grupo que discutiu a\u00e7\u00f5es para garantir justi\u00e7a clim\u00e1tica e refor\u00e7ou que as popula\u00e7\u00f5es ind\u00edgenas, migrantes, negras, mulheres e crian\u00e7as s\u00e3o as mais vulner\u00e1veis aos eventos extremos, e que isso tamb\u00e9m est\u00e1 ligado \u00e0 falta de moradia.<br><br>Fonte: <a href=\"https:\/\/infoamazonia.org\/2025\/01\/22\/sao-pessoas-em-extrema-vulnerabilidade-diz-coordenadora-de-movimento-que-luta-por-moradia-segura-em-manaus\/\">https:\/\/infoamazonia.org\/2025\/01\/22\/sao-pessoas-em-extrema-vulnerabilidade-diz-coordenadora-de-movimento-que-luta-por-moradia-segura-em-manaus\/<\/a><br>Foto: retirada da reportagem.<\/p>\n","protected":false},"excerpt":{"rendered":"<p>Cristiane Sales \u00e9 uma pedagoga que h\u00e1 mais de dez anos luta por justi\u00e7a social na cidade de Manaus, capital do Amazonas, onde est\u00e3o sete [&hellip;] <span class=\"read-more-link\"><a class=\"read-more\" href=\"https:\/\/rehabitare.direito.ufmg.br\/?p=4491\">Read More<\/a><\/span><\/p>\n","protected":false},"author":1,"featured_media":4492,"comment_status":"open","ping_status":"open","sticky":false,"template":"","format":"standard","meta":{"footnotes":""},"categories":[7],"tags":[139,141,201,174,9,189,190],"class_list":["post-4491","post","type-post","status-publish","format-standard","has-post-thumbnail","hentry","category-noticias","tag-crise-habitacional","tag-deficit-habitacional","tag-direito-a-moradia","tag-moradia","tag-moradia-adequada","tag-moradia-popular","tag-programa-de-moradia"],"_links":{"self":[{"href":"https:\/\/rehabitare.direito.ufmg.br\/index.php?rest_route=\/wp\/v2\/posts\/4491"}],"collection":[{"href":"https:\/\/rehabitare.direito.ufmg.br\/index.php?rest_route=\/wp\/v2\/posts"}],"about":[{"href":"https:\/\/rehabitare.direito.ufmg.br\/index.php?rest_route=\/wp\/v2\/types\/post"}],"author":[{"embeddable":true,"href":"https:\/\/rehabitare.direito.ufmg.br\/index.php?rest_route=\/wp\/v2\/users\/1"}],"replies":[{"embeddable":true,"href":"https:\/\/rehabitare.direito.ufmg.br\/index.php?rest_route=%2Fwp%2Fv2%2Fcomments&post=4491"}],"version-history":[{"count":1,"href":"https:\/\/rehabitare.direito.ufmg.br\/index.php?rest_route=\/wp\/v2\/posts\/4491\/revisions"}],"predecessor-version":[{"id":4493,"href":"https:\/\/rehabitare.direito.ufmg.br\/index.php?rest_route=\/wp\/v2\/posts\/4491\/revisions\/4493"}],"wp:featuredmedia":[{"embeddable":true,"href":"https:\/\/rehabitare.direito.ufmg.br\/index.php?rest_route=\/wp\/v2\/media\/4492"}],"wp:attachment":[{"href":"https:\/\/rehabitare.direito.ufmg.br\/index.php?rest_route=%2Fwp%2Fv2%2Fmedia&parent=4491"}],"wp:term":[{"taxonomy":"category","embeddable":true,"href":"https:\/\/rehabitare.direito.ufmg.br\/index.php?rest_route=%2Fwp%2Fv2%2Fcategories&post=4491"},{"taxonomy":"post_tag","embeddable":true,"href":"https:\/\/rehabitare.direito.ufmg.br\/index.php?rest_route=%2Fwp%2Fv2%2Ftags&post=4491"}],"curies":[{"name":"wp","href":"https:\/\/api.w.org\/{rel}","templated":true}]}}