{"id":4497,"date":"2025-02-04T01:47:05","date_gmt":"2025-02-04T04:47:05","guid":{"rendered":"https:\/\/rehabitare.direito.ufmg.br\/?p=4497"},"modified":"2025-02-04T01:47:05","modified_gmt":"2025-02-04T04:47:05","slug":"familias-do-mlb-ocupam-secretaria-de-habitacao-do-rio-para-garantir-construcao-de-moradia-popular","status":"publish","type":"post","link":"https:\/\/rehabitare.direito.ufmg.br\/?p=4497","title":{"rendered":"Fam\u00edlias do MLB ocupam Secretaria de Habita\u00e7\u00e3o do Rio para garantir constru\u00e7\u00e3o de moradia popular"},"content":{"rendered":"\n<p>Fam\u00edlias organizadas pelo Movimento de Luta nos Bairros, Vilas e Favelas (MLB) ocuparam, na manh\u00e3 desta ter\u00e7a (28), a sede da Secretaria Estadual de Habita\u00e7\u00e3o, em S\u00e3o Crist\u00f3v\u00e3o. Depois de um ano ap\u00f3s a realiza\u00e7\u00e3o do acordo, o governo do estado ainda se recusa a iniciar a constru\u00e7\u00e3o das habita\u00e7\u00f5es, mesmo j\u00e1 tendo o recurso liberado pelo Governo Federal.<\/p>\n\n\n\n<p>Ap\u00f3s cerca de 5 horas de ocupa\u00e7\u00e3o, as 120 fam\u00edlias conseguiram ser recebidas por representantes da secretaria. No encontro foi garantido que o governo estadual apresentar\u00e1 nesta quarta (29) uma nova proposta de terrenos para a constru\u00e7\u00e3o de unidades habitacionais populares no Centro da capital fluminense.<br><br>H\u00e1 tr\u00eas anos, mais de 100 fam\u00edlias sem teto do MLB est\u00e3o lutando por moradia digna no Rio de Janeiro. Essas fam\u00edlias organizaram em 2021 e 2022 duas ocupa\u00e7\u00f5es no centro da cidade do Rio de Janeiro, Ocupa\u00e7\u00e3o Jo\u00e3o C\u00e2ndido e Luiz Gama, dando fun\u00e7\u00e3o social a dois im\u00f3veis abandonados<\/p>\n\n\n\n<p>Depois de serem despejadas das duas ocupa\u00e7\u00f5es, essas fam\u00edlias conquistaram o compromisso do Governo do Estado de constru\u00e7\u00e3o de 110 unidades no centro da cidade. O movimento e o governo, atrav\u00e9s da Secretaria de Habita\u00e7\u00e3o de Interesse Social (SEHIS), vem se reunindo ao longo de mais de dois anos em mesas de negocia\u00e7\u00e3o para garantir esse acordo. Importantes acordos foram firmados e em janeiro de 2024 o movimento conseguiu a aprova\u00e7\u00e3o de recursos para a constru\u00e7\u00e3o das 110 unidades.<\/p>\n\n\n\n<p>Fonte: <a href=\"https:\/\/averdade.org.br\/2025\/01\/familias-do-mlb-ocupam-secretaria-de-habitacao-do-rio-para-garantir-construcao-de-moradia-popular\/\">https:\/\/averdade.org.br\/2025\/01\/familias-do-mlb-ocupam-secretaria-de-habitacao-do-rio-para-garantir-construcao-de-moradia-popular\/<\/a><\/p>\n\n\n\n<p>Foto: retirada da reportagem.<\/p>\n","protected":false},"excerpt":{"rendered":"<p>Fam\u00edlias organizadas pelo Movimento de Luta nos Bairros, Vilas e Favelas (MLB) ocuparam, na manh\u00e3 desta ter\u00e7a (28), a sede da Secretaria Estadual de Habita\u00e7\u00e3o, [&hellip;] <span class=\"read-more-link\"><a class=\"read-more\" href=\"https:\/\/rehabitare.direito.ufmg.br\/?p=4497\">Read More<\/a><\/span><\/p>\n","protected":false},"author":1,"featured_media":4498,"comment_status":"open","ping_status":"open","sticky":false,"template":"","format":"standard","meta":{"footnotes":""},"categories":[7],"tags":[201,174,9,189,4],"class_list":["post-4497","post","type-post","status-publish","format-standard","has-post-thumbnail","hentry","category-noticias","tag-direito-a-moradia","tag-moradia","tag-moradia-adequada","tag-moradia-popular","tag-ocupacao"],"_links":{"self":[{"href":"https:\/\/rehabitare.direito.ufmg.br\/index.php?rest_route=\/wp\/v2\/posts\/4497"}],"collection":[{"href":"https:\/\/rehabitare.direito.ufmg.br\/index.php?rest_route=\/wp\/v2\/posts"}],"about":[{"href":"https:\/\/rehabitare.direito.ufmg.br\/index.php?rest_route=\/wp\/v2\/types\/post"}],"author":[{"embeddable":true,"href":"https:\/\/rehabitare.direito.ufmg.br\/index.php?rest_route=\/wp\/v2\/users\/1"}],"replies":[{"embeddable":true,"href":"https:\/\/rehabitare.direito.ufmg.br\/index.php?rest_route=%2Fwp%2Fv2%2Fcomments&post=4497"}],"version-history":[{"count":1,"href":"https:\/\/rehabitare.direito.ufmg.br\/index.php?rest_route=\/wp\/v2\/posts\/4497\/revisions"}],"predecessor-version":[{"id":4499,"href":"https:\/\/rehabitare.direito.ufmg.br\/index.php?rest_route=\/wp\/v2\/posts\/4497\/revisions\/4499"}],"wp:featuredmedia":[{"embeddable":true,"href":"https:\/\/rehabitare.direito.ufmg.br\/index.php?rest_route=\/wp\/v2\/media\/4498"}],"wp:attachment":[{"href":"https:\/\/rehabitare.direito.ufmg.br\/index.php?rest_route=%2Fwp%2Fv2%2Fmedia&parent=4497"}],"wp:term":[{"taxonomy":"category","embeddable":true,"href":"https:\/\/rehabitare.direito.ufmg.br\/index.php?rest_route=%2Fwp%2Fv2%2Fcategories&post=4497"},{"taxonomy":"post_tag","embeddable":true,"href":"https:\/\/rehabitare.direito.ufmg.br\/index.php?rest_route=%2Fwp%2Fv2%2Ftags&post=4497"}],"curies":[{"name":"wp","href":"https:\/\/api.w.org\/{rel}","templated":true}]}}