{"id":4509,"date":"2025-02-12T23:02:03","date_gmt":"2025-02-13T02:02:03","guid":{"rendered":"https:\/\/rehabitare.direito.ufmg.br\/?p=4509"},"modified":"2025-02-12T23:02:03","modified_gmt":"2025-02-13T02:02:03","slug":"bem-viver-nas-cidades-2-genero-e-raca","status":"publish","type":"post","link":"https:\/\/rehabitare.direito.ufmg.br\/?p=4509","title":{"rendered":"Bem viver nas cidades | #2 g\u00eanero e ra\u00e7a"},"content":{"rendered":"\n<p>Ou\u00e7a agora o segundo epis\u00f3dio da s\u00e9rie \u201cBem viver nas cidades: lutas por direitos e movimentos populares urbanos\u201d, nova parceria do Guilhotina, o podcast do Le Monde Diplomatique Brasil, com a com a Coordenadoria Ecum\u00eanica de Servi\u00e7o (Cese).<\/p>\n\n\n\n<p>Neste especial de tr\u00eas epis\u00f3dios estamos discutindo os desafios para o exerc\u00edcio do direito \u00e0 cidade no Brasil e vamos falar sobre suas viola\u00e7\u00f5es, os impactos do mercado imobili\u00e1rio e a resist\u00eancia dos movimentos de moradia.<\/p>\n\n\n\n<p>Neste segundo epis\u00f3dio, recebemos a ativista do movimento negro Maura Cristina e a educadora e pesquisadora M\u00e9rcia Alves para uma conversa sobre como as viola\u00e7\u00f5es do direito \u00e0 cidade afetam de forma desigual as pessoas, em especial as mulheres negras.<br><br>Fonte: <a href=\"https:\/\/diplomatique.org.br\/bem-viver-nas-cidades-2-genero-e-raca\/\">https:\/\/diplomatique.org.br\/bem-viver-nas-cidades-2-genero-e-raca\/<\/a><br>Foto: retirada do site.<\/p>\n","protected":false},"excerpt":{"rendered":"<p>Ou\u00e7a agora o segundo epis\u00f3dio da s\u00e9rie \u201cBem viver nas cidades: lutas por direitos e movimentos populares urbanos\u201d, nova parceria do Guilhotina, o podcast do [&hellip;] <span class=\"read-more-link\"><a class=\"read-more\" href=\"https:\/\/rehabitare.direito.ufmg.br\/?p=4509\">Read More<\/a><\/span><\/p>\n","protected":false},"author":1,"featured_media":4510,"comment_status":"open","ping_status":"open","sticky":false,"template":"","format":"standard","meta":{"footnotes":""},"categories":[249],"tags":[139,201,174,189],"class_list":["post-4509","post","type-post","status-publish","format-standard","has-post-thumbnail","hentry","category-indicacao","tag-crise-habitacional","tag-direito-a-moradia","tag-moradia","tag-moradia-popular"],"_links":{"self":[{"href":"https:\/\/rehabitare.direito.ufmg.br\/index.php?rest_route=\/wp\/v2\/posts\/4509"}],"collection":[{"href":"https:\/\/rehabitare.direito.ufmg.br\/index.php?rest_route=\/wp\/v2\/posts"}],"about":[{"href":"https:\/\/rehabitare.direito.ufmg.br\/index.php?rest_route=\/wp\/v2\/types\/post"}],"author":[{"embeddable":true,"href":"https:\/\/rehabitare.direito.ufmg.br\/index.php?rest_route=\/wp\/v2\/users\/1"}],"replies":[{"embeddable":true,"href":"https:\/\/rehabitare.direito.ufmg.br\/index.php?rest_route=%2Fwp%2Fv2%2Fcomments&post=4509"}],"version-history":[{"count":1,"href":"https:\/\/rehabitare.direito.ufmg.br\/index.php?rest_route=\/wp\/v2\/posts\/4509\/revisions"}],"predecessor-version":[{"id":4511,"href":"https:\/\/rehabitare.direito.ufmg.br\/index.php?rest_route=\/wp\/v2\/posts\/4509\/revisions\/4511"}],"wp:featuredmedia":[{"embeddable":true,"href":"https:\/\/rehabitare.direito.ufmg.br\/index.php?rest_route=\/wp\/v2\/media\/4510"}],"wp:attachment":[{"href":"https:\/\/rehabitare.direito.ufmg.br\/index.php?rest_route=%2Fwp%2Fv2%2Fmedia&parent=4509"}],"wp:term":[{"taxonomy":"category","embeddable":true,"href":"https:\/\/rehabitare.direito.ufmg.br\/index.php?rest_route=%2Fwp%2Fv2%2Fcategories&post=4509"},{"taxonomy":"post_tag","embeddable":true,"href":"https:\/\/rehabitare.direito.ufmg.br\/index.php?rest_route=%2Fwp%2Fv2%2Ftags&post=4509"}],"curies":[{"name":"wp","href":"https:\/\/api.w.org\/{rel}","templated":true}]}}