{"id":4534,"date":"2025-03-12T23:08:08","date_gmt":"2025-03-13T02:08:08","guid":{"rendered":"https:\/\/rehabitare.direito.ufmg.br\/?p=4534"},"modified":"2025-03-12T23:08:08","modified_gmt":"2025-03-13T02:08:08","slug":"justica-manda-prefeitura-de-sp-fiscalizar-fraudes-em-habitacao-popular-mas-nega-suspender-beneficios-a-empreiteiras","status":"publish","type":"post","link":"https:\/\/rehabitare.direito.ufmg.br\/?p=4534","title":{"rendered":"Justi\u00e7a manda prefeitura de SP fiscalizar fraudes em habita\u00e7\u00e3o popular, mas nega suspender benef\u00edcios a empreiteiras"},"content":{"rendered":"\n<p>A Justi\u00e7a determinou que a Prefeitura de S\u00e3o Paulo deve fiscalizar os im\u00f3veis constru\u00eddos para a popula\u00e7\u00e3o de baixa renda que receberam benef\u00edcios do poder p\u00fablico, e que a lista desses empreendimentos deve ser divulgada no site do munic\u00edpio. A decis\u00e3o foi proferida em uma a\u00e7\u00e3o ajuizada pelo Minist\u00e9rio P\u00fablico de S\u00e3o Paulo (MPSP), que pediu a suspens\u00e3o total da pol\u00edtica de dar incentivos financeiros para as empreiteiras que constroem moradias destinadas \u00e0s fam\u00edlias de menor poder aquisitivo. Esse pedido, por\u00e9m, n\u00e3o foi aceito pelo juiz. Cabe recurso ao Tribunal de Justi\u00e7a.<br><br>O Plano Diretor de S\u00e3o Paulo prev\u00ea uma s\u00e9rie de benef\u00edcios para as construtoras que constroem habita\u00e7\u00e3o de interesse social (HIS) e habita\u00e7\u00e3o de mercado popular (HMP), especialmente a possibilidade de construir pr\u00e9dios mais altos sem pagar a mais (outorga onerosa) por isso. Em contrapartida, esses im\u00f3veis s\u00f3 podem ser vendidos para as fam\u00edlias que de fato est\u00e3o na renda prevista: que ganham entre 0 a 6 sal\u00e1rios m\u00ednimos. Para essa venda, \u00e9 considerada a renda familiar bruta, a depender de quantas pessoas comp\u00f5em a avalia\u00e7\u00e3o de renda.<br><br>Na pr\u00e1tica, \u00e9 muito mais vantajoso financeiramente para as empreiteiras inclu\u00edrem apartamentos &#8220;populares&#8221; em seus pr\u00e9dios porque elas de fato pagam menos \u00e0 prefeitura para construir unidades desse tipo. Um efeito disso foi a prolifera\u00e7\u00e3o dos microapartamentos chamados de &#8220;studios&#8221; na cidade nos \u00faltimos anos. Ocorre que \u00e9 a construtora que precisa avaliar se os compradores de fato preenchem os requisitos \u2014 e isso nem sempre \u00e9 feito.<\/p>\n\n\n\n<p>Segundo o Minist\u00e9rio P\u00fablico, isso n\u00e3o est\u00e1 sendo feito e fraudes foram constatadas, sem que a prefeitura fa\u00e7a nada para conter os problemas. Foi somente o ajuizamento da a\u00e7\u00e3o, em janeiro, que a Prefeitura passou a notificar e a multar construtoras que venderam apartamentos classificados como HIS para pessoas que ganham mais que seis sal\u00e1rios m\u00ednimos. At\u00e9 o momento, foram punidas 13 empreiteiras, que ter\u00e3o de devolver aos cofres p\u00fablicos os valores de outorga e de Imposto sobre Servi\u00e7os (ISS) que haviam sido isentos. Essa pol\u00edtica de incentivos para constru\u00e7\u00e3o dessas unidades existe h\u00e1 mais de dez anos.<br><br>Fonte: <a href=\"https:\/\/oglobo.globo.com\/brasil\/sao-paulo\/noticia\/2025\/03\/09\/justica-manda-prefeitura-de-sp-fiscalizar-fraudes-em-habitacao-popular-mas-nega-suspender-beneficios-a-empreiteiras.ghtml\">https:\/\/oglobo.globo.com\/brasil\/sao-paulo\/noticia\/2025\/03\/09\/justica-manda-prefeitura-de-sp-fiscalizar-fraudes-em-habitacao-popular-mas-nega-suspender-beneficios-a-empreiteiras.ghtml<\/a><br>Foto: retirada da reportagem.<\/p>\n","protected":false},"excerpt":{"rendered":"<p>A Justi\u00e7a determinou que a Prefeitura de S\u00e3o Paulo deve fiscalizar os im\u00f3veis constru\u00eddos para a popula\u00e7\u00e3o de baixa renda que receberam benef\u00edcios do poder [&hellip;] <span class=\"read-more-link\"><a class=\"read-more\" href=\"https:\/\/rehabitare.direito.ufmg.br\/?p=4534\">Read More<\/a><\/span><\/p>\n","protected":false},"author":1,"featured_media":4535,"comment_status":"open","ping_status":"open","sticky":false,"template":"","format":"standard","meta":{"footnotes":""},"categories":[7],"tags":[139,201,174,9,189],"class_list":["post-4534","post","type-post","status-publish","format-standard","has-post-thumbnail","hentry","category-noticias","tag-crise-habitacional","tag-direito-a-moradia","tag-moradia","tag-moradia-adequada","tag-moradia-popular"],"_links":{"self":[{"href":"https:\/\/rehabitare.direito.ufmg.br\/index.php?rest_route=\/wp\/v2\/posts\/4534"}],"collection":[{"href":"https:\/\/rehabitare.direito.ufmg.br\/index.php?rest_route=\/wp\/v2\/posts"}],"about":[{"href":"https:\/\/rehabitare.direito.ufmg.br\/index.php?rest_route=\/wp\/v2\/types\/post"}],"author":[{"embeddable":true,"href":"https:\/\/rehabitare.direito.ufmg.br\/index.php?rest_route=\/wp\/v2\/users\/1"}],"replies":[{"embeddable":true,"href":"https:\/\/rehabitare.direito.ufmg.br\/index.php?rest_route=%2Fwp%2Fv2%2Fcomments&post=4534"}],"version-history":[{"count":1,"href":"https:\/\/rehabitare.direito.ufmg.br\/index.php?rest_route=\/wp\/v2\/posts\/4534\/revisions"}],"predecessor-version":[{"id":4536,"href":"https:\/\/rehabitare.direito.ufmg.br\/index.php?rest_route=\/wp\/v2\/posts\/4534\/revisions\/4536"}],"wp:featuredmedia":[{"embeddable":true,"href":"https:\/\/rehabitare.direito.ufmg.br\/index.php?rest_route=\/wp\/v2\/media\/4535"}],"wp:attachment":[{"href":"https:\/\/rehabitare.direito.ufmg.br\/index.php?rest_route=%2Fwp%2Fv2%2Fmedia&parent=4534"}],"wp:term":[{"taxonomy":"category","embeddable":true,"href":"https:\/\/rehabitare.direito.ufmg.br\/index.php?rest_route=%2Fwp%2Fv2%2Fcategories&post=4534"},{"taxonomy":"post_tag","embeddable":true,"href":"https:\/\/rehabitare.direito.ufmg.br\/index.php?rest_route=%2Fwp%2Fv2%2Ftags&post=4534"}],"curies":[{"name":"wp","href":"https:\/\/api.w.org\/{rel}","templated":true}]}}