{"id":4537,"date":"2025-03-13T18:09:02","date_gmt":"2025-03-13T21:09:02","guid":{"rendered":"https:\/\/rehabitare.direito.ufmg.br\/?p=4537"},"modified":"2025-03-13T18:09:02","modified_gmt":"2025-03-13T21:09:02","slug":"bem-viver-nas-cidades-3-aguas-urbanas","status":"publish","type":"post","link":"https:\/\/rehabitare.direito.ufmg.br\/?p=4537","title":{"rendered":"Bem viver nas cidades | #3 \u00e1guas urbanas"},"content":{"rendered":"\n<p>Ou\u00e7a agora o 3\u00ba e \u00faltimo epis\u00f3dio da s\u00e9rie \u201cBem viver nas cidades: lutas por direitos e movimentos populares urbanos\u201d, nova parceria do Guilhotina, o podcast do Le Monde Diplomatique, com a com a Coordenadoria Ecum\u00eanica de Servi\u00e7o (Cese).<\/p>\n\n\n\n<p>Neste epis\u00f3dio, conversamos sobre \u00e1guas urbanas com Raquel Ludermir (@raquel_ludermir), doutora em desenvolvimento urbano e que est\u00e1 como gerente de incid\u00eancia pol\u00edtica da Habitat para a Humanidade Brasil; Joice Paix\u00e3o, cofundadora e presidente da Associa\u00e7\u00e3o Gris, no bairro da V\u00e1rzea em Recife; e Halan Jackson de Assis (@halan.aksom), do F\u00f3rum de Juventudes do Bom Jardim, Fortaleza.<br><br>Fonte: <a href=\"https:\/\/diplomatique.org.br\/bem-viver-nas-cidades-3-aguas-urbanas\/\">https:\/\/diplomatique.org.br\/bem-viver-nas-cidades-3-aguas-urbanas\/<\/a><br>Foto: retirada da reportagem.<\/p>\n","protected":false},"excerpt":{"rendered":"<p>Ou\u00e7a agora o 3\u00ba e \u00faltimo epis\u00f3dio da s\u00e9rie \u201cBem viver nas cidades: lutas por direitos e movimentos populares urbanos\u201d, nova parceria do Guilhotina, o [&hellip;] <span class=\"read-more-link\"><a class=\"read-more\" href=\"https:\/\/rehabitare.direito.ufmg.br\/?p=4537\">Read More<\/a><\/span><\/p>\n","protected":false},"author":1,"featured_media":4538,"comment_status":"open","ping_status":"open","sticky":false,"template":"","format":"standard","meta":{"footnotes":""},"categories":[249],"tags":[275,214,139,201,174],"class_list":["post-4537","post","type-post","status-publish","format-standard","has-post-thumbnail","hentry","category-indicacao","tag-aguas-urbanas","tag-cidade","tag-crise-habitacional","tag-direito-a-moradia","tag-moradia"],"_links":{"self":[{"href":"https:\/\/rehabitare.direito.ufmg.br\/index.php?rest_route=\/wp\/v2\/posts\/4537"}],"collection":[{"href":"https:\/\/rehabitare.direito.ufmg.br\/index.php?rest_route=\/wp\/v2\/posts"}],"about":[{"href":"https:\/\/rehabitare.direito.ufmg.br\/index.php?rest_route=\/wp\/v2\/types\/post"}],"author":[{"embeddable":true,"href":"https:\/\/rehabitare.direito.ufmg.br\/index.php?rest_route=\/wp\/v2\/users\/1"}],"replies":[{"embeddable":true,"href":"https:\/\/rehabitare.direito.ufmg.br\/index.php?rest_route=%2Fwp%2Fv2%2Fcomments&post=4537"}],"version-history":[{"count":1,"href":"https:\/\/rehabitare.direito.ufmg.br\/index.php?rest_route=\/wp\/v2\/posts\/4537\/revisions"}],"predecessor-version":[{"id":4539,"href":"https:\/\/rehabitare.direito.ufmg.br\/index.php?rest_route=\/wp\/v2\/posts\/4537\/revisions\/4539"}],"wp:featuredmedia":[{"embeddable":true,"href":"https:\/\/rehabitare.direito.ufmg.br\/index.php?rest_route=\/wp\/v2\/media\/4538"}],"wp:attachment":[{"href":"https:\/\/rehabitare.direito.ufmg.br\/index.php?rest_route=%2Fwp%2Fv2%2Fmedia&parent=4537"}],"wp:term":[{"taxonomy":"category","embeddable":true,"href":"https:\/\/rehabitare.direito.ufmg.br\/index.php?rest_route=%2Fwp%2Fv2%2Fcategories&post=4537"},{"taxonomy":"post_tag","embeddable":true,"href":"https:\/\/rehabitare.direito.ufmg.br\/index.php?rest_route=%2Fwp%2Fv2%2Ftags&post=4537"}],"curies":[{"name":"wp","href":"https:\/\/api.w.org\/{rel}","templated":true}]}}