{"id":4560,"date":"2025-03-28T19:00:19","date_gmt":"2025-03-28T22:00:19","guid":{"rendered":"https:\/\/rehabitare.direito.ufmg.br\/?p=4560"},"modified":"2025-03-28T19:00:19","modified_gmt":"2025-03-28T22:00:19","slug":"moradores-da-ultima-favela-do-centro-de-sp-temem-parar-na-rua-apos-remocoes","status":"publish","type":"post","link":"https:\/\/rehabitare.direito.ufmg.br\/?p=4560","title":{"rendered":"Moradores da \u00faltima favela do centro de SP temem parar na rua ap\u00f3s remo\u00e7\u00f5es"},"content":{"rendered":"\n<p>A promessa do governo paulista de requalificar o centro de S\u00e3o Paulo com &#8220;valoriza\u00e7\u00e3o imobili\u00e1ria&#8221; inclui acabar com a comunidade do Moinho, a \u00faltima favela remanescente no centro da capital. Enquanto a gest\u00e3o Tarc\u00edsio de Freitas (Republicanos) afirma que vai reassentar todas as fam\u00edlias da regi\u00e3o, moradores temem n\u00e3o conseguir se manter nas moradias propostas pelo estado.<\/p>\n\n\n\n<p>Plano estadual prev\u00ea a remo\u00e7\u00e3o das mais de mil fam\u00edlias da comunidade. No lugar, ser\u00e3o criados um parque e uma esta\u00e7\u00e3o ferrovi\u00e1ria. Em nota, a CDHU (Companhia de Desenvolvimento Habitacional e Urbano do Estado de S\u00e3o Paulo), respons\u00e1vel pelo reassentamento, afirma que o governo busca realocar as fam\u00edlias &#8220;em moradias seguras e dignas&#8221;, para, posteriormente, &#8220;requalificar a \u00e1rea&#8221;.<\/p>\n\n\n\n<p>CDHU pretende transferir fam\u00edlias para moradias financiadas dentro e fora do centro. Uma das op\u00e7\u00f5es \u00e9 a oferta de uma Carta de Cr\u00e9dito Individual para o morador adquirir um im\u00f3vel pronto, pr\u00e9-selecionado pela CDHU ou dispon\u00edvel no mercado e escolhido pelo morador.<\/p>\n\n\n\n<p>Lideran\u00e7as comunit\u00e1rias do Moinho alegam que plano estadual n\u00e3o leva em conta realidade local. &#8220;N\u00e3o conseguimos pagar o que est\u00e3o exigindo para que a gente saia daqui&#8221;, diz uma representante da associa\u00e7\u00e3o de moradores do Moinho que pediu para n\u00e3o ser identificada por receio de dificultar as negocia\u00e7\u00f5es que tenta articular junto ao \u00f3rg\u00e3o estadual.<\/p>\n\n\n\n<p>Fonte: <a href=\"https:\/\/noticias.uol.com.br\/cotidiano\/ultimas-noticias\/2025\/03\/23\/moradores-da-ultima-favela-do-centro-de-sp-temem-parar-na-rua-apos-remocoes.htm\" data-type=\"link\" data-id=\"https:\/\/noticias.uol.com.br\/cotidiano\/ultimas-noticias\/2025\/03\/23\/moradores-da-ultima-favela-do-centro-de-sp-temem-parar-na-rua-apos-remocoes.htm\">Uol Not\u00edcias<\/a><\/p>\n\n\n\n<p>Foto: retirada da reportagem.<\/p>\n\n\n\n<p><\/p>\n","protected":false},"excerpt":{"rendered":"<p>A promessa do governo paulista de requalificar o centro de S\u00e3o Paulo com &#8220;valoriza\u00e7\u00e3o imobili\u00e1ria&#8221; inclui acabar com a comunidade do Moinho, a \u00faltima favela [&hellip;] <span class=\"read-more-link\"><a class=\"read-more\" href=\"https:\/\/rehabitare.direito.ufmg.br\/?p=4560\">Read More<\/a><\/span><\/p>\n","protected":false},"author":1,"featured_media":4561,"comment_status":"open","ping_status":"open","sticky":false,"template":"","format":"standard","meta":{"footnotes":""},"categories":[7],"tags":[139,145,268,9],"class_list":["post-4560","post","type-post","status-publish","format-standard","has-post-thumbnail","hentry","category-noticias","tag-crise-habitacional","tag-favela","tag-favelas","tag-moradia-adequada"],"_links":{"self":[{"href":"https:\/\/rehabitare.direito.ufmg.br\/index.php?rest_route=\/wp\/v2\/posts\/4560"}],"collection":[{"href":"https:\/\/rehabitare.direito.ufmg.br\/index.php?rest_route=\/wp\/v2\/posts"}],"about":[{"href":"https:\/\/rehabitare.direito.ufmg.br\/index.php?rest_route=\/wp\/v2\/types\/post"}],"author":[{"embeddable":true,"href":"https:\/\/rehabitare.direito.ufmg.br\/index.php?rest_route=\/wp\/v2\/users\/1"}],"replies":[{"embeddable":true,"href":"https:\/\/rehabitare.direito.ufmg.br\/index.php?rest_route=%2Fwp%2Fv2%2Fcomments&post=4560"}],"version-history":[{"count":1,"href":"https:\/\/rehabitare.direito.ufmg.br\/index.php?rest_route=\/wp\/v2\/posts\/4560\/revisions"}],"predecessor-version":[{"id":4562,"href":"https:\/\/rehabitare.direito.ufmg.br\/index.php?rest_route=\/wp\/v2\/posts\/4560\/revisions\/4562"}],"wp:featuredmedia":[{"embeddable":true,"href":"https:\/\/rehabitare.direito.ufmg.br\/index.php?rest_route=\/wp\/v2\/media\/4561"}],"wp:attachment":[{"href":"https:\/\/rehabitare.direito.ufmg.br\/index.php?rest_route=%2Fwp%2Fv2%2Fmedia&parent=4560"}],"wp:term":[{"taxonomy":"category","embeddable":true,"href":"https:\/\/rehabitare.direito.ufmg.br\/index.php?rest_route=%2Fwp%2Fv2%2Fcategories&post=4560"},{"taxonomy":"post_tag","embeddable":true,"href":"https:\/\/rehabitare.direito.ufmg.br\/index.php?rest_route=%2Fwp%2Fv2%2Ftags&post=4560"}],"curies":[{"name":"wp","href":"https:\/\/api.w.org\/{rel}","templated":true}]}}