{"id":4577,"date":"2025-04-07T18:55:00","date_gmt":"2025-04-07T21:55:00","guid":{"rendered":"https:\/\/rehabitare.direito.ufmg.br\/?p=4577"},"modified":"2025-04-08T09:42:33","modified_gmt":"2025-04-08T12:42:33","slug":"mulheres-negras-demoram-ate-7-geracoes-para-conseguir-comprar-casa-propria-aponta-levantamento","status":"publish","type":"post","link":"https:\/\/rehabitare.direito.ufmg.br\/?p=4577","title":{"rendered":"Mulheres negras demoram at\u00e9 7 gera\u00e7\u00f5es para conseguir comprar casa pr\u00f3pria, aponta levantamento"},"content":{"rendered":"\n<p>Um levantamento da ONG Habitat para a Humanidade Brasil revela que mulheres negras precisariam de at\u00e9 184 anos \u2013 o equivalente a sete gera\u00e7\u00f5es \u2013 para conseguir comprar uma casa pr\u00f3pria em favelas brasileiras. O&nbsp;estudo&nbsp;\u201cSem moradia digna, n\u00e3o h\u00e1 justi\u00e7a de g\u00eanero\u201d re\u00fane dados coletados ao longo de cinco anos e exp\u00f5e como as desigualdades de g\u00eanero dificultam o&nbsp;acesso \u00e0 moradia adequada, ampliando a pobreza e a vulnerabilidade social.<\/p>\n\n\n\n<p>O estudo aponta que o d\u00e9ficit habitacional no Brasil atinge 6,2 milh\u00f5es de domic\u00edlios. Al\u00e9m disso, 26,5 milh\u00f5es de lares enfrentam inadequa\u00e7\u00f5es habitacionais, como infraestrutura prec\u00e1ria, inseguran\u00e7a fundi\u00e1ria e falta de condi\u00e7\u00f5es m\u00ednimas de moradia, conforme indicam&nbsp;dados&nbsp;da Funda\u00e7\u00e3o Jo\u00e3o Pinheiro. Entre os lares em situa\u00e7\u00e3o de d\u00e9ficit habitacional, 62,6% s\u00e3o chefiados por mulheres, evidenciando a vulnerabilidade feminina na luta por moradia digna. <\/p>\n\n\n\n<p>O levantamento destaca que a feminiza\u00e7\u00e3o da pobreza obriga muitas mulheres a destinar 30% de sua renda ao pagamento de aluguel, ao mesmo tempo em que recebem sal\u00e1rios menores, trabalham em jornadas exaustivas e&nbsp;acumulam responsabilidades&nbsp;com cuidados n\u00e3o remunerados. A viol\u00eancia dom\u00e9stica e familiar tamb\u00e9m agrava essa realidade.<\/p>\n\n\n\n<p>Raquel Ludermir, Gerente de Incid\u00eancia Pol\u00edtica da ONG Habitat para a Humanidade Brasil, ressalta que a moradia digna \u00e9 essencial para garantir qualidade de vida.&nbsp;<\/p>\n\n\n\n<p>\u201cSem moradia digna, as mulheres pagam um pre\u00e7o alto, que compromete sua sa\u00fade, sua possibilidade de estudar, trabalhar e sonhar com um futuro melhor. Um futuro digno precisa ser um direito desta gera\u00e7\u00e3o, e n\u00e3o apenas da oitava gera\u00e7\u00e3o daquelas que lutam hoje\u201d, afirma.<\/p>\n\n\n\n<p>Fonte: <a href=\"https:\/\/almapreta.com.br\/sessao\/cotidiano\/mulheres-negras-demoram-ate-7-geracoes-para-conseguir-comprar-casa-propria-aponta-levantamento\/\" data-type=\"link\" data-id=\"https:\/\/almapreta.com.br\/sessao\/cotidiano\/mulheres-negras-demoram-ate-7-geracoes-para-conseguir-comprar-casa-propria-aponta-levantamento\/\">Alma Preta<\/a><\/p>\n\n\n\n<p>Foto: retirada da reportagem.<\/p>\n\n\n\n<p><\/p>\n","protected":false},"excerpt":{"rendered":"<p>Um levantamento da ONG Habitat para a Humanidade Brasil revela que mulheres negras precisariam de at\u00e9 184 anos \u2013 o equivalente a sete gera\u00e7\u00f5es \u2013 [&hellip;] <span class=\"read-more-link\"><a class=\"read-more\" href=\"https:\/\/rehabitare.direito.ufmg.br\/?p=4577\">Read More<\/a><\/span><\/p>\n","protected":false},"author":1,"featured_media":4579,"comment_status":"open","ping_status":"open","sticky":false,"template":"","format":"standard","meta":{"footnotes":""},"categories":[7],"tags":[13,201,174,9],"class_list":["post-4577","post","type-post","status-publish","format-standard","has-post-thumbnail","hentry","category-noticias","tag-cidades","tag-direito-a-moradia","tag-moradia","tag-moradia-adequada"],"_links":{"self":[{"href":"https:\/\/rehabitare.direito.ufmg.br\/index.php?rest_route=\/wp\/v2\/posts\/4577"}],"collection":[{"href":"https:\/\/rehabitare.direito.ufmg.br\/index.php?rest_route=\/wp\/v2\/posts"}],"about":[{"href":"https:\/\/rehabitare.direito.ufmg.br\/index.php?rest_route=\/wp\/v2\/types\/post"}],"author":[{"embeddable":true,"href":"https:\/\/rehabitare.direito.ufmg.br\/index.php?rest_route=\/wp\/v2\/users\/1"}],"replies":[{"embeddable":true,"href":"https:\/\/rehabitare.direito.ufmg.br\/index.php?rest_route=%2Fwp%2Fv2%2Fcomments&post=4577"}],"version-history":[{"count":2,"href":"https:\/\/rehabitare.direito.ufmg.br\/index.php?rest_route=\/wp\/v2\/posts\/4577\/revisions"}],"predecessor-version":[{"id":4581,"href":"https:\/\/rehabitare.direito.ufmg.br\/index.php?rest_route=\/wp\/v2\/posts\/4577\/revisions\/4581"}],"wp:featuredmedia":[{"embeddable":true,"href":"https:\/\/rehabitare.direito.ufmg.br\/index.php?rest_route=\/wp\/v2\/media\/4579"}],"wp:attachment":[{"href":"https:\/\/rehabitare.direito.ufmg.br\/index.php?rest_route=%2Fwp%2Fv2%2Fmedia&parent=4577"}],"wp:term":[{"taxonomy":"category","embeddable":true,"href":"https:\/\/rehabitare.direito.ufmg.br\/index.php?rest_route=%2Fwp%2Fv2%2Fcategories&post=4577"},{"taxonomy":"post_tag","embeddable":true,"href":"https:\/\/rehabitare.direito.ufmg.br\/index.php?rest_route=%2Fwp%2Fv2%2Ftags&post=4577"}],"curies":[{"name":"wp","href":"https:\/\/api.w.org\/{rel}","templated":true}]}}