{"id":4654,"date":"2025-05-23T10:26:21","date_gmt":"2025-05-23T13:26:21","guid":{"rendered":"https:\/\/rehabitare.direito.ufmg.br\/?p=4654"},"modified":"2025-05-23T10:26:21","modified_gmt":"2025-05-23T13:26:21","slug":"espanha-determina-que-airbnb-cancele-mais-de-65-mil-alugueis-de-temporada-por-violacoes","status":"publish","type":"post","link":"https:\/\/rehabitare.direito.ufmg.br\/?p=4654","title":{"rendered":"Espanha determina que Airbnb cancele mais de 65 mil alugu\u00e9is de temporada por viola\u00e7\u00f5es"},"content":{"rendered":"\n<p>O governo espanhol determinou nesta segunda-feira (19) que o Airbnb bloqueie quase 66 mil an\u00fancios de f\u00e9rias em sua plataforma por viola\u00e7\u00e3o de regras. Segundo o Minist\u00e9rio dos Direitos do Consumidor, 65.935 an\u00fancios n\u00e3o possuem o n\u00famero da licen\u00e7a nem especificavam se o propriet\u00e1rio era uma pessoa f\u00edsica ou jur\u00eddica. Outros listavam n\u00fameros que n\u00e3o correspondiam aos das autoridades.<\/p>\n\n\n\n<p>A ordem afeta im\u00f3veis em Madrid, Andaluzia, Catalunha e mais locais.<\/p>\n\n\n\n<p>O Tribunal Superior de Justi\u00e7a de Madrid rejeitou recurso da plataforma contra as resolu\u00e7\u00f5es emitidas pela pasta, que j\u00e1 tinham afetado quase seis mil an\u00fancios de casas de turismo. Agora, a medida \u00e9 ampliada.<\/p>\n\n\n\n<p>O caso ocorre em um momento que a Espanha enfrenta uma crise de moradia e acessibilidade a im\u00f3veis. O governo do pa\u00eds precisou tomar diversas medidas contra as empresas de aluguel de curto prazo por conta disso.<\/p>\n\n\n\n<p>Diversos protestos tamb\u00e9m se espalharam pelas ruas do pa\u00eds nos \u00faltimos meses contra o aumento dos custos de moradia e aluguel. Os manifestantes afirmam que isso foi impulsionado pelos alugu\u00e9is de f\u00e9rias em plataformas como o Airbnb, que proliferaram em cidades como Madrid e Barcelona e muitos outros destinos tur\u00edsticos populares.<\/p>\n\n\n\n<p>Em 2024, Barcelona anunciou um plano para fechar todos os 10 mil apartamentos licenciados na cidade como alugu\u00e9is de curto prazo at\u00e9 2028 para proteger a oferta de moradias para moradores em tempo integral.<\/p>\n\n\n\n<p>Foto: retirada da reportagem.<\/p>\n\n\n\n<p>Fonte: <a href=\"https:\/\/cbn.globo.com\/mundo\/noticia\/2025\/05\/19\/espanha-determina-que-airbnb-cancele-mais-de-65-mil-alugueis-de-temporada-por-violacoes.ghtml\" data-type=\"link\" data-id=\"https:\/\/cbn.globo.com\/mundo\/noticia\/2025\/05\/19\/espanha-determina-que-airbnb-cancele-mais-de-65-mil-alugueis-de-temporada-por-violacoes.ghtml\">CNB Globo<\/a><\/p>\n","protected":false},"excerpt":{"rendered":"<p>O governo espanhol determinou nesta segunda-feira (19) que o Airbnb bloqueie quase 66 mil an\u00fancios de f\u00e9rias em sua plataforma por viola\u00e7\u00e3o de regras. Segundo [&hellip;] <span class=\"read-more-link\"><a class=\"read-more\" href=\"https:\/\/rehabitare.direito.ufmg.br\/?p=4654\">Read More<\/a><\/span><\/p>\n","protected":false},"author":1,"featured_media":4655,"comment_status":"open","ping_status":"open","sticky":false,"template":"","format":"standard","meta":{"footnotes":""},"categories":[7],"tags":[13,201,190],"class_list":["post-4654","post","type-post","status-publish","format-standard","has-post-thumbnail","hentry","category-noticias","tag-cidades","tag-direito-a-moradia","tag-programa-de-moradia"],"_links":{"self":[{"href":"https:\/\/rehabitare.direito.ufmg.br\/index.php?rest_route=\/wp\/v2\/posts\/4654"}],"collection":[{"href":"https:\/\/rehabitare.direito.ufmg.br\/index.php?rest_route=\/wp\/v2\/posts"}],"about":[{"href":"https:\/\/rehabitare.direito.ufmg.br\/index.php?rest_route=\/wp\/v2\/types\/post"}],"author":[{"embeddable":true,"href":"https:\/\/rehabitare.direito.ufmg.br\/index.php?rest_route=\/wp\/v2\/users\/1"}],"replies":[{"embeddable":true,"href":"https:\/\/rehabitare.direito.ufmg.br\/index.php?rest_route=%2Fwp%2Fv2%2Fcomments&post=4654"}],"version-history":[{"count":1,"href":"https:\/\/rehabitare.direito.ufmg.br\/index.php?rest_route=\/wp\/v2\/posts\/4654\/revisions"}],"predecessor-version":[{"id":4656,"href":"https:\/\/rehabitare.direito.ufmg.br\/index.php?rest_route=\/wp\/v2\/posts\/4654\/revisions\/4656"}],"wp:featuredmedia":[{"embeddable":true,"href":"https:\/\/rehabitare.direito.ufmg.br\/index.php?rest_route=\/wp\/v2\/media\/4655"}],"wp:attachment":[{"href":"https:\/\/rehabitare.direito.ufmg.br\/index.php?rest_route=%2Fwp%2Fv2%2Fmedia&parent=4654"}],"wp:term":[{"taxonomy":"category","embeddable":true,"href":"https:\/\/rehabitare.direito.ufmg.br\/index.php?rest_route=%2Fwp%2Fv2%2Fcategories&post=4654"},{"taxonomy":"post_tag","embeddable":true,"href":"https:\/\/rehabitare.direito.ufmg.br\/index.php?rest_route=%2Fwp%2Fv2%2Ftags&post=4654"}],"curies":[{"name":"wp","href":"https:\/\/api.w.org\/{rel}","templated":true}]}}