{"id":4703,"date":"2025-06-09T18:40:28","date_gmt":"2025-06-09T21:40:28","guid":{"rendered":"https:\/\/rehabitare.direito.ufmg.br\/?p=4703"},"modified":"2025-06-09T18:45:40","modified_gmt":"2025-06-09T21:45:40","slug":"cidade-a-venda-o-pl-da-devastacao-e-o-ataque-ao-direito-a-moradia","status":"publish","type":"post","link":"https:\/\/rehabitare.direito.ufmg.br\/?p=4703","title":{"rendered":"Cidade \u00e0 venda: o PL da Devasta\u00e7\u00e3o e o ataque ao direito \u00e0 moradia"},"content":{"rendered":"\n<p>Foi sob a justificativa de &#8220;acelerar o progresso&#8221; e &#8220;destravar o desenvolvimento&#8221; que o Senado aprovou, em maio, o projeto de lei apelidado de &#8220;PL da Devasta\u00e7\u00e3o&#8221;. O nome n\u00e3o veio \u00e0 toa: trata-se de um conjunto de mudan\u00e7as que desmonta com brutalidade cir\u00fargica, a legisla\u00e7\u00e3o ambiental urbana e rural brasileira incluindo artigos centrais do Estatuto da Cidade, da Pol\u00edtica Nacional do Meio Ambiente e do C\u00f3digo Florestal. Mas o que muitas manchetes n\u00e3o revelaram \u00e9 que essa proposta tamb\u00e9m representa uma bomba-rel\u00f3gio contra o direito \u00e0 moradia digna, especialmente para a popula\u00e7\u00e3o negra e perif\u00e9rica.<\/p>\n\n\n\n<p>O projeto reduz drasticamente a exig\u00eancia de estudos de impacto ambiental e de vizinhan\u00e7a, permitindo que grandes empreendimentos urbanos avancem sobre \u00e1reas sens\u00edveis, comunidades tradicionais, favelas, zonas de manancial e territ\u00f3rios de preserva\u00e7\u00e3o cultural. Na pr\u00e1tica, libera o mercado imobili\u00e1rio de qualquer obriga\u00e7\u00e3o de respeitar o tecido social que j\u00e1 habita os espa\u00e7os urbanos e naturais. O solo urbano vira mercadoria bruta, e quem mora ali, um empecilho a ser removido.<\/p>\n\n\n\n<p>No Brasil, onde o d\u00e9ficit habitacional ultrapassa os seis milh\u00f5es de domic\u00edlios, segundo a Funda\u00e7\u00e3o Jo\u00e3o Pinheiro, essa &#8220;libera\u00e7\u00e3o&#8221; n\u00e3o significamais casas ou mais moradias. Significa sim, mais despejos, mais remo\u00e7\u00f5es, mais viol\u00eancia institucional. Significa, tamb\u00e9m, o aumento da especula\u00e7\u00e3o imobili\u00e1ria, da grilagem, da verticaliza\u00e7\u00e3o desenfreada em nome de uma falsa modernidade. A cidade se transforma em campo de batalha &#8211; e os moradores pobres, em seus alvos preferenciais.<\/p>\n\n\n\n<p>Foto: retirada da reportagem. <\/p>\n\n\n\n<p>Fonte: <a href=\"https:\/\/www.cartacapital.com.br\/blogs\/br-cidades\/cidade-a-venda-o-pl-da-devastacao-e-o-ataque-ao-direito-a-moradia\/\" data-type=\"link\" data-id=\"https:\/\/www.cartacapital.com.br\/blogs\/br-cidades\/cidade-a-venda-o-pl-da-devastacao-e-o-ataque-ao-direito-a-moradia\/\">Carta Capital<\/a> <\/p>\n","protected":false},"excerpt":{"rendered":"<p>Foi sob a justificativa de &#8220;acelerar o progresso&#8221; e &#8220;destravar o desenvolvimento&#8221; que o Senado aprovou, em maio, o projeto de lei apelidado de &#8220;PL [&hellip;] <span class=\"read-more-link\"><a class=\"read-more\" href=\"https:\/\/rehabitare.direito.ufmg.br\/?p=4703\">Read More<\/a><\/span><\/p>\n","protected":false},"author":1,"featured_media":4704,"comment_status":"open","ping_status":"open","sticky":false,"template":"","format":"standard","meta":{"footnotes":""},"categories":[7],"tags":[139,141,201,144],"class_list":["post-4703","post","type-post","status-publish","format-standard","has-post-thumbnail","hentry","category-noticias","tag-crise-habitacional","tag-deficit-habitacional","tag-direito-a-moradia","tag-remocoes-forcadas"],"_links":{"self":[{"href":"https:\/\/rehabitare.direito.ufmg.br\/index.php?rest_route=\/wp\/v2\/posts\/4703"}],"collection":[{"href":"https:\/\/rehabitare.direito.ufmg.br\/index.php?rest_route=\/wp\/v2\/posts"}],"about":[{"href":"https:\/\/rehabitare.direito.ufmg.br\/index.php?rest_route=\/wp\/v2\/types\/post"}],"author":[{"embeddable":true,"href":"https:\/\/rehabitare.direito.ufmg.br\/index.php?rest_route=\/wp\/v2\/users\/1"}],"replies":[{"embeddable":true,"href":"https:\/\/rehabitare.direito.ufmg.br\/index.php?rest_route=%2Fwp%2Fv2%2Fcomments&post=4703"}],"version-history":[{"count":5,"href":"https:\/\/rehabitare.direito.ufmg.br\/index.php?rest_route=\/wp\/v2\/posts\/4703\/revisions"}],"predecessor-version":[{"id":4710,"href":"https:\/\/rehabitare.direito.ufmg.br\/index.php?rest_route=\/wp\/v2\/posts\/4703\/revisions\/4710"}],"wp:featuredmedia":[{"embeddable":true,"href":"https:\/\/rehabitare.direito.ufmg.br\/index.php?rest_route=\/wp\/v2\/media\/4704"}],"wp:attachment":[{"href":"https:\/\/rehabitare.direito.ufmg.br\/index.php?rest_route=%2Fwp%2Fv2%2Fmedia&parent=4703"}],"wp:term":[{"taxonomy":"category","embeddable":true,"href":"https:\/\/rehabitare.direito.ufmg.br\/index.php?rest_route=%2Fwp%2Fv2%2Fcategories&post=4703"},{"taxonomy":"post_tag","embeddable":true,"href":"https:\/\/rehabitare.direito.ufmg.br\/index.php?rest_route=%2Fwp%2Fv2%2Ftags&post=4703"}],"curies":[{"name":"wp","href":"https:\/\/api.w.org\/{rel}","templated":true}]}}