{"id":4711,"date":"2025-06-11T18:43:12","date_gmt":"2025-06-11T21:43:12","guid":{"rendered":"https:\/\/rehabitare.direito.ufmg.br\/?p=4711"},"modified":"2025-06-11T18:43:13","modified_gmt":"2025-06-11T21:43:13","slug":"acordo-historico-entre-mtst-e-prefeitura-do-rj-garante-moradia-popular-no-centro-da-cidade","status":"publish","type":"post","link":"https:\/\/rehabitare.direito.ufmg.br\/?p=4711","title":{"rendered":"Acordo hist\u00f3rico entre MTST e prefeitura do RJ garante moradia popular no centro da cidade"},"content":{"rendered":"\n<p>O Movimento dos Trabalhadores Sem Teto (MTST) firmou um acordo in\u00e9dito com a prefeitura do Rio de Janeiro para a constru\u00e7\u00e3o de unidades habitacionais populares no cora\u00e7\u00e3o da cidade. O compromisso, firmado pelo prefeito Eduardo Paes (PSD-RJ) na ter\u00e7a-feira (3), prev\u00ea a destina\u00e7\u00e3o de um terreno na Via Bin\u00e1rio do Porto ao programa federal Minha Casa, Minha Vida Entidades (MCMV-Entidades), faixa 1.<\/p>\n\n\n\n<p>Atualmente, o lugar \u00e9 ocupado por cerca de 200 fam\u00edlias, e o an\u00fancio representa uma vit\u00f3ria para os trabalhadores, que h\u00e1 pouco mais de uma semana ergueram a ocupa\u00e7\u00e3o dando in\u00edcio \u00e0 mobiliza\u00e7\u00e3o com a constru\u00e7\u00e3o da Cozinha Solid\u00e1ria e o levantamento de dados sociais das fam\u00edlias residentes.<\/p>\n\n\n\n<p>Para os movimentos populares, este pode ser um marco na luta por uma cidade mais justa. \u201cTalvez seja o primeiro grande acordo hist\u00f3rico entre o MTST e a prefeitura do Rio. Pode abrir um precedente para termos uma regi\u00e3o central cada vez mais justa, desenvolvida e democr\u00e1tica\u201d, pontuou Siqueira.<\/p>\n\n\n\n<p>A vereadora carioca Elika Takimoto (PT) destacou o poder simb\u00f3lico do movimento e do epis\u00f3dio. \u201cEstamos falando de uma ocupa\u00e7\u00e3o que se tornou um s\u00edmbolo da luta por moradia numa regi\u00e3o marcada pela especula\u00e7\u00e3o imobili\u00e1ria, pela gentrifica\u00e7\u00e3o e por d\u00e9cadas de esvaziamento urbano. Isso \u00e9 poderoso\u201d, afirma.<\/p>\n\n\n\n<p>Ela ressaltou que o comprometimento da prefeitura com a constru\u00e7\u00e3o de moradia popular por meio do programa Minha Casa Minha Vida \u00e9 uma importante vit\u00f3ria. No entanto, enfatizou que essa conquista ainda n\u00e3o representa o fim da luta. \u201cPara que essa vit\u00f3ria se torne real, ainda dependemos da doa\u00e7\u00e3o ou da venda do terreno para que ele cumpra de fato uma fun\u00e7\u00e3o social\u201d, diz.<\/p>\n\n\n\n<p>Foto: retirada na reportagem.<\/p>\n\n\n\n<p>Fonte: <a href=\"https:\/\/revistaforum.com.br\/brasil\/2025\/6\/5\/acordo-historico-entre-mtst-prefeitura-do-rj-garante-moradia-popular-no-centro-da-cidade-180876.html\" data-type=\"link\" data-id=\"https:\/\/revistaforum.com.br\/brasil\/2025\/6\/5\/acordo-historico-entre-mtst-prefeitura-do-rj-garante-moradia-popular-no-centro-da-cidade-180876.html\">Revista F\u00f3rum<\/a> <\/p>\n\n\n\n<p><\/p>\n","protected":false},"excerpt":{"rendered":"<p>O Movimento dos Trabalhadores Sem Teto (MTST) firmou um acordo in\u00e9dito com a prefeitura do Rio de Janeiro para a constru\u00e7\u00e3o de unidades habitacionais populares [&hellip;] <span class=\"read-more-link\"><a class=\"read-more\" href=\"https:\/\/rehabitare.direito.ufmg.br\/?p=4711\">Read More<\/a><\/span><\/p>\n","protected":false},"author":1,"featured_media":4712,"comment_status":"open","ping_status":"open","sticky":false,"template":"","format":"standard","meta":{"footnotes":""},"categories":[7],"tags":[201,190],"class_list":["post-4711","post","type-post","status-publish","format-standard","has-post-thumbnail","hentry","category-noticias","tag-direito-a-moradia","tag-programa-de-moradia"],"_links":{"self":[{"href":"https:\/\/rehabitare.direito.ufmg.br\/index.php?rest_route=\/wp\/v2\/posts\/4711"}],"collection":[{"href":"https:\/\/rehabitare.direito.ufmg.br\/index.php?rest_route=\/wp\/v2\/posts"}],"about":[{"href":"https:\/\/rehabitare.direito.ufmg.br\/index.php?rest_route=\/wp\/v2\/types\/post"}],"author":[{"embeddable":true,"href":"https:\/\/rehabitare.direito.ufmg.br\/index.php?rest_route=\/wp\/v2\/users\/1"}],"replies":[{"embeddable":true,"href":"https:\/\/rehabitare.direito.ufmg.br\/index.php?rest_route=%2Fwp%2Fv2%2Fcomments&post=4711"}],"version-history":[{"count":1,"href":"https:\/\/rehabitare.direito.ufmg.br\/index.php?rest_route=\/wp\/v2\/posts\/4711\/revisions"}],"predecessor-version":[{"id":4713,"href":"https:\/\/rehabitare.direito.ufmg.br\/index.php?rest_route=\/wp\/v2\/posts\/4711\/revisions\/4713"}],"wp:featuredmedia":[{"embeddable":true,"href":"https:\/\/rehabitare.direito.ufmg.br\/index.php?rest_route=\/wp\/v2\/media\/4712"}],"wp:attachment":[{"href":"https:\/\/rehabitare.direito.ufmg.br\/index.php?rest_route=%2Fwp%2Fv2%2Fmedia&parent=4711"}],"wp:term":[{"taxonomy":"category","embeddable":true,"href":"https:\/\/rehabitare.direito.ufmg.br\/index.php?rest_route=%2Fwp%2Fv2%2Fcategories&post=4711"},{"taxonomy":"post_tag","embeddable":true,"href":"https:\/\/rehabitare.direito.ufmg.br\/index.php?rest_route=%2Fwp%2Fv2%2Ftags&post=4711"}],"curies":[{"name":"wp","href":"https:\/\/api.w.org\/{rel}","templated":true}]}}