{"id":4743,"date":"2025-07-02T19:31:43","date_gmt":"2025-07-02T22:31:43","guid":{"rendered":"https:\/\/rehabitare.direito.ufmg.br\/?p=4743"},"modified":"2025-07-02T19:31:43","modified_gmt":"2025-07-02T22:31:43","slug":"o-que-pedem-os-que-lutam-por-uma-casa","status":"publish","type":"post","link":"https:\/\/rehabitare.direito.ufmg.br\/?p=4743","title":{"rendered":"O que pedem os que lutam por uma casa?"},"content":{"rendered":"\n<p>As ruas da Baixa de Lisboa encheram-se, este s\u00e1bado, de vozes que pedem um teto acess\u00edvel.<\/p>\n\n\n\n<p>Dezenas de cartazes, palavras de ordem como \u201ccasa \u00e9 para morar, n\u00e3o \u00e9 para especular\u201d e centenas de manifestantes, na maioria jovens, voltaram a mostrar que a crise da habita\u00e7\u00e3o est\u00e1 longe de ser resolvida.<\/p>\n\n\n\n<p>Mas afinal, o que \u00e9 que pedem as pessoas que hoje sa\u00edram \u00e0 rua?<\/p>\n\n\n\n<p>Baixar rendas, subir sal\u00e1rios, regular o alojamento local, reabilitar edif\u00edcios devolutos e, sobretudo, fazer com que viver em Portugal n\u00e3o seja um luxo.<\/p>\n\n\n\n<p>Entre as exig\u00eancias esteve tamb\u00e9m o apelo por contratos de arrendamento com seguran\u00e7a, pelo fim dos despejos sem alternativas e por pol\u00edticas p\u00fablicas mais ambiciosas.<\/p>\n\n\n\n<p>Houve tamb\u00e9m quem tenha levado a luta para a rua com urg\u00eancia literal. Moradores do Bairro do Talude, em Loures, onde vivem mais de 100 fam\u00edlias, dizem estar em risco de ficar sem casa j\u00e1 esta segunda-feira, por ordem da c\u00e2mara.<\/p>\n\n\n\n<p>De Helena Roseta, autora da Lei de Bases da Habita\u00e7\u00e3o, ao porta-voz do movimento Casa para Viver, a mensagem foi clara &#8211; n\u00e3o \u00e9 s\u00f3 uma luta nacional, \u00e9 transnacional, e vai continuar depois do ver\u00e3o.<\/p>\n\n\n\n<p>Foto: retirada da reportagem.<\/p>\n\n\n\n<p>Fonte: <a href=\"https:\/\/24noticias.sapo.pt\/atualidade\/artigos\/o-que-pedem-os-que-lutam-por-uma-casa\" data-type=\"link\" data-id=\"https:\/\/24noticias.sapo.pt\/atualidade\/artigos\/o-que-pedem-os-que-lutam-por-uma-casa\">24 not\u00edcias<\/a> <\/p>\n","protected":false},"excerpt":{"rendered":"<p>As ruas da Baixa de Lisboa encheram-se, este s\u00e1bado, de vozes que pedem um teto acess\u00edvel. Dezenas de cartazes, palavras de ordem como \u201ccasa \u00e9 [&hellip;] <span class=\"read-more-link\"><a class=\"read-more\" href=\"https:\/\/rehabitare.direito.ufmg.br\/?p=4743\">Read More<\/a><\/span><\/p>\n","protected":false},"author":1,"featured_media":4744,"comment_status":"open","ping_status":"open","sticky":false,"template":"","format":"standard","meta":{"footnotes":""},"categories":[7],"tags":[13,201,9],"class_list":["post-4743","post","type-post","status-publish","format-standard","has-post-thumbnail","hentry","category-noticias","tag-cidades","tag-direito-a-moradia","tag-moradia-adequada"],"_links":{"self":[{"href":"https:\/\/rehabitare.direito.ufmg.br\/index.php?rest_route=\/wp\/v2\/posts\/4743"}],"collection":[{"href":"https:\/\/rehabitare.direito.ufmg.br\/index.php?rest_route=\/wp\/v2\/posts"}],"about":[{"href":"https:\/\/rehabitare.direito.ufmg.br\/index.php?rest_route=\/wp\/v2\/types\/post"}],"author":[{"embeddable":true,"href":"https:\/\/rehabitare.direito.ufmg.br\/index.php?rest_route=\/wp\/v2\/users\/1"}],"replies":[{"embeddable":true,"href":"https:\/\/rehabitare.direito.ufmg.br\/index.php?rest_route=%2Fwp%2Fv2%2Fcomments&post=4743"}],"version-history":[{"count":1,"href":"https:\/\/rehabitare.direito.ufmg.br\/index.php?rest_route=\/wp\/v2\/posts\/4743\/revisions"}],"predecessor-version":[{"id":4745,"href":"https:\/\/rehabitare.direito.ufmg.br\/index.php?rest_route=\/wp\/v2\/posts\/4743\/revisions\/4745"}],"wp:featuredmedia":[{"embeddable":true,"href":"https:\/\/rehabitare.direito.ufmg.br\/index.php?rest_route=\/wp\/v2\/media\/4744"}],"wp:attachment":[{"href":"https:\/\/rehabitare.direito.ufmg.br\/index.php?rest_route=%2Fwp%2Fv2%2Fmedia&parent=4743"}],"wp:term":[{"taxonomy":"category","embeddable":true,"href":"https:\/\/rehabitare.direito.ufmg.br\/index.php?rest_route=%2Fwp%2Fv2%2Fcategories&post=4743"},{"taxonomy":"post_tag","embeddable":true,"href":"https:\/\/rehabitare.direito.ufmg.br\/index.php?rest_route=%2Fwp%2Fv2%2Ftags&post=4743"}],"curies":[{"name":"wp","href":"https:\/\/api.w.org\/{rel}","templated":true}]}}