{"id":4775,"date":"2025-07-16T19:34:08","date_gmt":"2025-07-16T22:34:08","guid":{"rendered":"https:\/\/rehabitare.direito.ufmg.br\/?p=4775"},"modified":"2025-07-16T19:34:09","modified_gmt":"2025-07-16T22:34:09","slug":"dpu-cobra-prioridade-em-moradia-para-familias-com-microcefalia-em-maceio","status":"publish","type":"post","link":"https:\/\/rehabitare.direito.ufmg.br\/?p=4775","title":{"rendered":"DPU cobra prioridade em moradia para fam\u00edlias com microcefalia em Macei\u00f3"},"content":{"rendered":"\n<p>A Defensoria P\u00fablica da Uni\u00e3o (DPU) recomendou, nesta ter\u00e7a-feira (8), que a Prefeitura de Macei\u00f3 reserve unidades habitacionais do Residencial Santa Am\u00e9lia, no \u00e2mbito do programa Minha Casa, Minha Vida, para fam\u00edlias com crian\u00e7as diagnosticadas com microcefalia.\u00a0<\/p>\n\n\n\n<p>A recomenda\u00e7\u00e3o foi emitida pela Defensoria Regional de Direitos Humanos em Alagoas, por meio do defensor Diego Alves, e endere\u00e7ada \u00e0 Secretaria Municipal de Desenvolvimento Habitacional e \u00e0 Procuradoria-Geral do Munic\u00edpio.\u00a0<\/p>\n\n\n\n<p>De acordo com levantamento realizado em conjunto com a Associa\u00e7\u00e3o das Fam\u00edlias de Anjos do Estado de Alagoas, pelo menos 24 fam\u00edlias seguem sem moradia, apesar de estarem com a documenta\u00e7\u00e3o regularizada.\u00a0<\/p>\n\n\n\n<p>A DPU sustenta seu posicionamento com base na Lei n\u00ba 13.985\/2020, na Portaria n\u00ba 738\/2024 do Minist\u00e9rio das Cidades e na Conven\u00e7\u00e3o sobre os Direitos das Pessoas com Defici\u00eancia, que estabelecem prioridade na pol\u00edtica habitacional para pessoas com defici\u00eancia e seus respons\u00e1veis.\u00a0<\/p>\n\n\n\n<p>Segundo o \u00f3rg\u00e3o, embora mais de 3.580 unidades habitacionais tenham sido entregues no munic\u00edpio, at\u00e9 junho deste ano nenhuma foi destinada a fam\u00edlias com crian\u00e7as com microcefalia. A recomenda\u00e7\u00e3o tamb\u00e9m menciona o artigo 32 da Lei Brasileira de Inclus\u00e3o, que garante esse direito.\u00a0<\/p>\n\n\n\n<p>Foto: retirada da reportagem.<\/p>\n\n\n\n<p>Fonte: <a href=\"https:\/\/www.jornaldealagoas.com.br\/geral\/2025\/07\/08\/25036-dpu-cobra-prioridade-em-moradia-para-familias-com-microcefalia-em-maceio\" data-type=\"link\" data-id=\"https:\/\/www.jornaldealagoas.com.br\/geral\/2025\/07\/08\/25036-dpu-cobra-prioridade-em-moradia-para-familias-com-microcefalia-em-maceio\">Jornal de Alagoas<\/a><\/p>\n\n\n\n<p><\/p>\n","protected":false},"excerpt":{"rendered":"<p>A Defensoria P\u00fablica da Uni\u00e3o (DPU) recomendou, nesta ter\u00e7a-feira (8), que a Prefeitura de Macei\u00f3 reserve unidades habitacionais do Residencial Santa Am\u00e9lia, no \u00e2mbito do [&hellip;] <span class=\"read-more-link\"><a class=\"read-more\" href=\"https:\/\/rehabitare.direito.ufmg.br\/?p=4775\">Read More<\/a><\/span><\/p>\n","protected":false},"author":1,"featured_media":4776,"comment_status":"open","ping_status":"open","sticky":false,"template":"","format":"standard","meta":{"footnotes":""},"categories":[7],"tags":[201,9,190],"class_list":["post-4775","post","type-post","status-publish","format-standard","has-post-thumbnail","hentry","category-noticias","tag-direito-a-moradia","tag-moradia-adequada","tag-programa-de-moradia"],"_links":{"self":[{"href":"https:\/\/rehabitare.direito.ufmg.br\/index.php?rest_route=\/wp\/v2\/posts\/4775"}],"collection":[{"href":"https:\/\/rehabitare.direito.ufmg.br\/index.php?rest_route=\/wp\/v2\/posts"}],"about":[{"href":"https:\/\/rehabitare.direito.ufmg.br\/index.php?rest_route=\/wp\/v2\/types\/post"}],"author":[{"embeddable":true,"href":"https:\/\/rehabitare.direito.ufmg.br\/index.php?rest_route=\/wp\/v2\/users\/1"}],"replies":[{"embeddable":true,"href":"https:\/\/rehabitare.direito.ufmg.br\/index.php?rest_route=%2Fwp%2Fv2%2Fcomments&post=4775"}],"version-history":[{"count":1,"href":"https:\/\/rehabitare.direito.ufmg.br\/index.php?rest_route=\/wp\/v2\/posts\/4775\/revisions"}],"predecessor-version":[{"id":4777,"href":"https:\/\/rehabitare.direito.ufmg.br\/index.php?rest_route=\/wp\/v2\/posts\/4775\/revisions\/4777"}],"wp:featuredmedia":[{"embeddable":true,"href":"https:\/\/rehabitare.direito.ufmg.br\/index.php?rest_route=\/wp\/v2\/media\/4776"}],"wp:attachment":[{"href":"https:\/\/rehabitare.direito.ufmg.br\/index.php?rest_route=%2Fwp%2Fv2%2Fmedia&parent=4775"}],"wp:term":[{"taxonomy":"category","embeddable":true,"href":"https:\/\/rehabitare.direito.ufmg.br\/index.php?rest_route=%2Fwp%2Fv2%2Fcategories&post=4775"},{"taxonomy":"post_tag","embeddable":true,"href":"https:\/\/rehabitare.direito.ufmg.br\/index.php?rest_route=%2Fwp%2Fv2%2Ftags&post=4775"}],"curies":[{"name":"wp","href":"https:\/\/api.w.org\/{rel}","templated":true}]}}