{"id":4778,"date":"2025-07-19T08:51:09","date_gmt":"2025-07-19T11:51:09","guid":{"rendered":"https:\/\/rehabitare.direito.ufmg.br\/?p=4778"},"modified":"2025-07-19T08:51:10","modified_gmt":"2025-07-19T11:51:10","slug":"para-mab-pl-da-devastacao-aprovado-na-camara-representa-grave-retrocesso-para-os-direitos-dos-atingidos","status":"publish","type":"post","link":"https:\/\/rehabitare.direito.ufmg.br\/?p=4778","title":{"rendered":"Para MAB, PL da Devasta\u00e7\u00e3o, aprovado na C\u00e2mara, representa grave retrocesso para os direitos dos atingidos"},"content":{"rendered":"\n<p>Na madrugada do dia 17 de julho de 2025, Dia de Prote\u00e7\u00e3o \u00e0s Florestas, a C\u00e2mara dos Deputados aprovou o Projeto de Lei 2.159\/2021, conhecido como \u201cPL da Devasta\u00e7\u00e3o\u201d. Com 267 votos a favor e 116 contr\u00e1rios, a proposta institui a Lei Geral do Licenciamento Ambiental e tem gerado ampla preocupa\u00e7\u00e3o entre movimentos sociais, ambientalistas e comunidades atingidas por grandes empreendimentos, especialmente barragens. A proposta \u00e9 facilitar o autolicenciamento de atividades do agroneg\u00f3cio e da minera\u00e7\u00e3o.<\/p>\n\n\n\n<p>A aprova\u00e7\u00e3o desse projeto no Congresso representa um dos maiores retrocessos ambientais da hist\u00f3ria do pa\u00eds, que acontece em um per\u00edodo no qual a crise clim\u00e1tica se intensifica e causa mortes, amea\u00e7a a seguran\u00e7a de comunidades perif\u00e9ricas e grandes impactos econ\u00f4micos ao pa\u00eds, especialmente no que diz respeito \u00e0 produ\u00e7\u00e3o de alimentos.<\/p>\n\n\n\n<p>Elisa Mergulh\u00e3o, integrante da coordena\u00e7\u00e3o nacional do Movimento dos Atingidos por Barragens (MAB), explica que a aprova\u00e7\u00e3o era esperada, diante da configura\u00e7\u00e3o do atual Parlamento: \u201cA gente n\u00e3o est\u00e1 surpresa com isso, n\u00e9? Porque o nosso Congresso j\u00e1 vem demonstrando nesse \u00faltimo per\u00edodo que, de fato, atua contra o Brasil, contra os interesses nacionais, contra o bem-estar do povo brasileiro. Atua, na verdade, pro retrocesso.\u201d<\/p>\n\n\n\n<p>Ela destaca que o PL afeta diretamente os atingidos por barragens, pois facilita o licenciamento desse tipo de empreendimento e pode causar novos crimes ambientais, como os rompimentos de barragens de Minas Gerais, que seguem vitimizando as comunidades atingidas. \u201cS\u00e3o os interesses privados do setor da minera\u00e7\u00e3o, que est\u00e3o por tr\u00e1s da aprova\u00e7\u00e3o desse PL. Com isso, as comunidades, que j\u00e1 enfrentam desafios significativos, podem se tornar ainda mais vulner\u00e1veis a viola\u00e7\u00f5es de seus direitos \u00e0 vida, \u00e0 seguran\u00e7a, \u00e0 moradia digna, \u00e0 sa\u00fade\u201d, afirma.<\/p>\n\n\n\n<p>Foto: retirada da reportagem.<\/p>\n\n\n\n<p>Fonte: <a href=\"https:\/\/mab.org.br\/2025\/07\/17\/pl-da-devastacao-aprovado-na-camara-representa-retrocesso-para-os-direitos-dos-atingidos\/\" data-type=\"link\" data-id=\"https:\/\/mab.org.br\/2025\/07\/17\/pl-da-devastacao-aprovado-na-camara-representa-retrocesso-para-os-direitos-dos-atingidos\/\">Movimento dos Atingidos por Barragem<\/a><\/p>\n\n\n\n<p><\/p>\n","protected":false},"excerpt":{"rendered":"<p>Na madrugada do dia 17 de julho de 2025, Dia de Prote\u00e7\u00e3o \u00e0s Florestas, a C\u00e2mara dos Deputados aprovou o Projeto de Lei 2.159\/2021, conhecido [&hellip;] <span class=\"read-more-link\"><a class=\"read-more\" href=\"https:\/\/rehabitare.direito.ufmg.br\/?p=4778\">Read More<\/a><\/span><\/p>\n","protected":false},"author":1,"featured_media":0,"comment_status":"open","ping_status":"open","sticky":false,"template":"","format":"standard","meta":{"footnotes":""},"categories":[1],"tags":[139,201,174],"class_list":["post-4778","post","type-post","status-publish","format-standard","hentry","category-sem-categoria","tag-crise-habitacional","tag-direito-a-moradia","tag-moradia"],"_links":{"self":[{"href":"https:\/\/rehabitare.direito.ufmg.br\/index.php?rest_route=\/wp\/v2\/posts\/4778"}],"collection":[{"href":"https:\/\/rehabitare.direito.ufmg.br\/index.php?rest_route=\/wp\/v2\/posts"}],"about":[{"href":"https:\/\/rehabitare.direito.ufmg.br\/index.php?rest_route=\/wp\/v2\/types\/post"}],"author":[{"embeddable":true,"href":"https:\/\/rehabitare.direito.ufmg.br\/index.php?rest_route=\/wp\/v2\/users\/1"}],"replies":[{"embeddable":true,"href":"https:\/\/rehabitare.direito.ufmg.br\/index.php?rest_route=%2Fwp%2Fv2%2Fcomments&post=4778"}],"version-history":[{"count":1,"href":"https:\/\/rehabitare.direito.ufmg.br\/index.php?rest_route=\/wp\/v2\/posts\/4778\/revisions"}],"predecessor-version":[{"id":4781,"href":"https:\/\/rehabitare.direito.ufmg.br\/index.php?rest_route=\/wp\/v2\/posts\/4778\/revisions\/4781"}],"wp:attachment":[{"href":"https:\/\/rehabitare.direito.ufmg.br\/index.php?rest_route=%2Fwp%2Fv2%2Fmedia&parent=4778"}],"wp:term":[{"taxonomy":"category","embeddable":true,"href":"https:\/\/rehabitare.direito.ufmg.br\/index.php?rest_route=%2Fwp%2Fv2%2Fcategories&post=4778"},{"taxonomy":"post_tag","embeddable":true,"href":"https:\/\/rehabitare.direito.ufmg.br\/index.php?rest_route=%2Fwp%2Fv2%2Ftags&post=4778"}],"curies":[{"name":"wp","href":"https:\/\/api.w.org\/{rel}","templated":true}]}}