{"id":4782,"date":"2025-07-21T18:57:28","date_gmt":"2025-07-21T21:57:28","guid":{"rendered":"https:\/\/rehabitare.direito.ufmg.br\/?p=4782"},"modified":"2025-07-21T18:57:29","modified_gmt":"2025-07-21T21:57:29","slug":"populacao-ameacada-por-projeto-de-mineradora-recebe-certificado-de-comunidade-quilombola","status":"publish","type":"post","link":"https:\/\/rehabitare.direito.ufmg.br\/?p=4782","title":{"rendered":"Popula\u00e7\u00e3o amea\u00e7ada por projeto de mineradora recebe certificado de comunidade quilombola"},"content":{"rendered":"\n<p>A comunidade Santa Quit\u00e9ria, em Congonhas, na Regi\u00e3o Central de Minas, povo tradicional remanescente de quilombo, foi oficialmente certificada pela Funda\u00e7\u00e3o Cultural Palmares como comunidade quilombola, nesta sexta-feira (18). Os moradores v\u00eam sendo amea\u00e7ados de despejo devido a um projeto de expans\u00e3o de uma mineradora.<\/p>\n\n\n\n<p>Na pr\u00e1tica, a concess\u00e3o do t\u00edtulo d\u00e1 acesso a pol\u00edticas p\u00fablicas voltadas para essa popula\u00e7\u00e3o. Tamb\u00e9m ajuda a promover e preservar a cultura local e a proteger o territ\u00f3rio. O certificado da Funda\u00e7\u00e3o Palmares \u00e9 concedido a partir da autodeclara\u00e7\u00e3o das comunidades onde vivem descendentes de popula\u00e7\u00e3o negra escravizada.<\/p>\n\n\n\n<p>A certifica\u00e7\u00e3o \u00e9 motivo de comemora\u00e7\u00e3o dos moradores. A comunidade teme ser removida desde a assinatura do Decreto 496 pelo governador de Minas Gerais, Romeu Zema (NOVO). O texto prev\u00ea a desapropria\u00e7\u00e3o de uma \u00e1rea de 261 hectares onde a mineradora CSN planeja construir pilhas de rejeitos.<\/p>\n\n\n\n<p>Segundo a l\u00edder comunit\u00e1ria Aline Soares Marcos, h\u00e1 mais de oito anos ela re\u00fane documentos \u201cdia e noite\u201d e colhe depoimentos de moradores antigos na tentativa de obter o certificado. \u201cMuito antes dessa amea\u00e7a de desapropria\u00e7\u00e3o a gente j\u00e1 estava na luta pelo reconhecimento da nossa comunidade. Algumas pessoas de quem eu peguei depoimentos j\u00e1 at\u00e9 morreram\u201d, contou ela.<\/p>\n\n\n\n<p>\u201cAqui n\u00e3o \u00e9 s\u00f3 terra. \u00c9 a nossa hist\u00f3ria. A gente sempre preservou a nossa cultura &#8211; buscando \u00e1gua na bica, usando lenha, fazendo a festa de folia de reis, ensinando as m\u00fasicas, brincadeiras e h\u00e1bitos antigos para as novas gera\u00e7\u00f5es. Tem v\u00e1rios elementos que a gente tem dentro deste lugar, que faz dele o nosso lugar&#8221;, disse a l\u00edder comunit\u00e1ria.<\/p>\n\n\n\n<p>Foto: retirada da reportagem. <\/p>\n\n\n\n<p>Fonte: <a href=\"https:\/\/g1.globo.com\/mg\/minas-gerais\/noticia\/2025\/07\/18\/populacao-tradicional-ameacada-por-projeto-de-mineradora-recebe-certificado-de-comunidade-quilombola.ghtml\" data-type=\"link\" data-id=\"https:\/\/g1.globo.com\/mg\/minas-gerais\/noticia\/2025\/07\/18\/populacao-tradicional-ameacada-por-projeto-de-mineradora-recebe-certificado-de-comunidade-quilombola.ghtml\">G1<\/a><\/p>\n","protected":false},"excerpt":{"rendered":"<p>A comunidade Santa Quit\u00e9ria, em Congonhas, na Regi\u00e3o Central de Minas, povo tradicional remanescente de quilombo, foi oficialmente certificada pela Funda\u00e7\u00e3o Cultural Palmares como comunidade [&hellip;] <span class=\"read-more-link\"><a class=\"read-more\" href=\"https:\/\/rehabitare.direito.ufmg.br\/?p=4782\">Read More<\/a><\/span><\/p>\n","protected":false},"author":1,"featured_media":4783,"comment_status":"open","ping_status":"open","sticky":false,"template":"","format":"standard","meta":{"footnotes":""},"categories":[7],"tags":[201,174,4,144],"class_list":["post-4782","post","type-post","status-publish","format-standard","has-post-thumbnail","hentry","category-noticias","tag-direito-a-moradia","tag-moradia","tag-ocupacao","tag-remocoes-forcadas"],"_links":{"self":[{"href":"https:\/\/rehabitare.direito.ufmg.br\/index.php?rest_route=\/wp\/v2\/posts\/4782"}],"collection":[{"href":"https:\/\/rehabitare.direito.ufmg.br\/index.php?rest_route=\/wp\/v2\/posts"}],"about":[{"href":"https:\/\/rehabitare.direito.ufmg.br\/index.php?rest_route=\/wp\/v2\/types\/post"}],"author":[{"embeddable":true,"href":"https:\/\/rehabitare.direito.ufmg.br\/index.php?rest_route=\/wp\/v2\/users\/1"}],"replies":[{"embeddable":true,"href":"https:\/\/rehabitare.direito.ufmg.br\/index.php?rest_route=%2Fwp%2Fv2%2Fcomments&post=4782"}],"version-history":[{"count":1,"href":"https:\/\/rehabitare.direito.ufmg.br\/index.php?rest_route=\/wp\/v2\/posts\/4782\/revisions"}],"predecessor-version":[{"id":4784,"href":"https:\/\/rehabitare.direito.ufmg.br\/index.php?rest_route=\/wp\/v2\/posts\/4782\/revisions\/4784"}],"wp:featuredmedia":[{"embeddable":true,"href":"https:\/\/rehabitare.direito.ufmg.br\/index.php?rest_route=\/wp\/v2\/media\/4783"}],"wp:attachment":[{"href":"https:\/\/rehabitare.direito.ufmg.br\/index.php?rest_route=%2Fwp%2Fv2%2Fmedia&parent=4782"}],"wp:term":[{"taxonomy":"category","embeddable":true,"href":"https:\/\/rehabitare.direito.ufmg.br\/index.php?rest_route=%2Fwp%2Fv2%2Fcategories&post=4782"},{"taxonomy":"post_tag","embeddable":true,"href":"https:\/\/rehabitare.direito.ufmg.br\/index.php?rest_route=%2Fwp%2Fv2%2Ftags&post=4782"}],"curies":[{"name":"wp","href":"https:\/\/api.w.org\/{rel}","templated":true}]}}