{"id":4793,"date":"2025-07-25T18:55:05","date_gmt":"2025-07-25T21:55:05","guid":{"rendered":"https:\/\/rehabitare.direito.ufmg.br\/?p=4793"},"modified":"2025-07-25T18:55:05","modified_gmt":"2025-07-25T21:55:05","slug":"moradia-e-dignidade-vice-secretaria-geral-da-onu-defende-habitacao-adequada-como-base-para-a-paz-e-o-desenvolvimento","status":"publish","type":"post","link":"https:\/\/rehabitare.direito.ufmg.br\/?p=4793","title":{"rendered":"\u201cMoradia \u00e9 dignidade\u201d: Vice-secret\u00e1ria-geral da ONU defende habita\u00e7\u00e3o adequada como base para a paz e o desenvolvimento"},"content":{"rendered":"\n<p>Discurso da vice-secret\u00e1ria-geral da ONU, Amina J. Mohammed, na abertura do Di\u00e1logo de Alto N\u00edvel sobre Habita\u00e7\u00e3o Adequada para Todas as Pessoas.<\/p>\n\n\n\n<p>Permitam-me come\u00e7ar com uma pergunta simples: o que foi necess\u00e1rio para que estiv\u00e9ssemos aqui hoje?<\/p>\n\n\n\n<p>Acordamos em algum lugar seguro.T\u00ednhamos um endere\u00e7o para onde os documentos pudessem ser enviados, onde nossas fam\u00edlias sabiam nos encontrar. <\/p>\n\n\n\n<p>T\u00ednhamos um espa\u00e7o para fazer uma refei\u00e7\u00e3o, carregar nossos telefones e nos prepararmos para este dia.<\/p>\n\n\n\n<p>Para quase\u00a0tr\u00eas bilh\u00f5es de pessoas em nosso planeta,\u00a0nada disso \u00e9 garantido.<\/p>\n\n\n\n<p>Hoje, em um mundo cada vez mais urbanizado, quase\u00a03 bilh\u00f5es de pessoas vivem em condi\u00e7\u00f5es inadequadas, em assentamentos informais, moradias superlotadas ou sem nenhum abrigo. Entre elas, est\u00e3o mais de\u00a0120 milh\u00f5es de refugiados e deslocados internos\u00a0\u2014 fam\u00edlias expulsas de seus lares por conflitos, persegui\u00e7\u00f5es e viol\u00eancia.<\/p>\n\n\n\n<p>Essa crise\u00a0afeta\u00a0todos os Objetivos de Desenvolvimento Sustent\u00e1vel\u00a0(ODS) aos quais nos comprometemos at\u00e9 2030.<\/p>\n\n\n\n<p>Mais adiante este ano, a\u00a0Segunda C\u00fapula Mundial sobre Desenvolvimento Social\u00a0ser\u00e1 uma oportunidade para reafirmar que a moradia \u00e9\u00a0essencial para a prote\u00e7\u00e3o social, o trabalho digno, o acesso a servi\u00e7os\u00a0\u2014 e\u00a0para a constru\u00e7\u00e3o de uma sociedade justa e coesa.<\/p>\n\n\n\n<p>Tamb\u00e9m precisamos colocar no centro da discuss\u00e3o aqueles que\u00a0costumam ser deixados \u00e0s margens:\u00a0mulheres, jovens, pessoas idosas, pessoas com defici\u00eancia, povos ind\u00edgenas, popula\u00e7\u00f5es deslocadas e pessoas em situa\u00e7\u00e3o de rua. Suas vozes e experi\u00eancias\u00a0devem informar pol\u00edticas e solu\u00e7\u00f5es \u2014 porque sabem o que funciona, o que est\u00e1 faltando e podem contribuir com solu\u00e7\u00f5es que precisamos expandir.<\/p>\n\n\n\n<p>Foto: retirada da reportagem.<\/p>\n\n\n\n<p>Fonte: <a href=\"https:\/\/brasil.un.org\/pt-br\/298509-%E2%80%9Cmoradia-%C3%A9-dignidade%E2%80%9D-vice-secret%C3%A1ria-geral-da-onu-defende-habita%C3%A7%C3%A3o-adequada-como-base-para\" data-type=\"link\" data-id=\"https:\/\/brasil.un.org\/pt-br\/298509-%E2%80%9Cmoradia-%C3%A9-dignidade%E2%80%9D-vice-secret%C3%A1ria-geral-da-onu-defende-habita%C3%A7%C3%A3o-adequada-como-base-para\">Na\u00e7\u00f5es Unidas Brasil<\/a><\/p>\n","protected":false},"excerpt":{"rendered":"<p>Discurso da vice-secret\u00e1ria-geral da ONU, Amina J. Mohammed, na abertura do Di\u00e1logo de Alto N\u00edvel sobre Habita\u00e7\u00e3o Adequada para Todas as Pessoas. Permitam-me come\u00e7ar com [&hellip;] <span class=\"read-more-link\"><a class=\"read-more\" href=\"https:\/\/rehabitare.direito.ufmg.br\/?p=4793\">Read More<\/a><\/span><\/p>\n","protected":false},"author":1,"featured_media":4794,"comment_status":"open","ping_status":"open","sticky":false,"template":"","format":"standard","meta":{"footnotes":""},"categories":[7],"tags":[201,9],"class_list":["post-4793","post","type-post","status-publish","format-standard","has-post-thumbnail","hentry","category-noticias","tag-direito-a-moradia","tag-moradia-adequada"],"_links":{"self":[{"href":"https:\/\/rehabitare.direito.ufmg.br\/index.php?rest_route=\/wp\/v2\/posts\/4793"}],"collection":[{"href":"https:\/\/rehabitare.direito.ufmg.br\/index.php?rest_route=\/wp\/v2\/posts"}],"about":[{"href":"https:\/\/rehabitare.direito.ufmg.br\/index.php?rest_route=\/wp\/v2\/types\/post"}],"author":[{"embeddable":true,"href":"https:\/\/rehabitare.direito.ufmg.br\/index.php?rest_route=\/wp\/v2\/users\/1"}],"replies":[{"embeddable":true,"href":"https:\/\/rehabitare.direito.ufmg.br\/index.php?rest_route=%2Fwp%2Fv2%2Fcomments&post=4793"}],"version-history":[{"count":1,"href":"https:\/\/rehabitare.direito.ufmg.br\/index.php?rest_route=\/wp\/v2\/posts\/4793\/revisions"}],"predecessor-version":[{"id":4795,"href":"https:\/\/rehabitare.direito.ufmg.br\/index.php?rest_route=\/wp\/v2\/posts\/4793\/revisions\/4795"}],"wp:featuredmedia":[{"embeddable":true,"href":"https:\/\/rehabitare.direito.ufmg.br\/index.php?rest_route=\/wp\/v2\/media\/4794"}],"wp:attachment":[{"href":"https:\/\/rehabitare.direito.ufmg.br\/index.php?rest_route=%2Fwp%2Fv2%2Fmedia&parent=4793"}],"wp:term":[{"taxonomy":"category","embeddable":true,"href":"https:\/\/rehabitare.direito.ufmg.br\/index.php?rest_route=%2Fwp%2Fv2%2Fcategories&post=4793"},{"taxonomy":"post_tag","embeddable":true,"href":"https:\/\/rehabitare.direito.ufmg.br\/index.php?rest_route=%2Fwp%2Fv2%2Ftags&post=4793"}],"curies":[{"name":"wp","href":"https:\/\/api.w.org\/{rel}","templated":true}]}}