{"id":4800,"date":"2025-07-30T21:06:30","date_gmt":"2025-07-31T00:06:30","guid":{"rendered":"https:\/\/rehabitare.direito.ufmg.br\/?p=4800"},"modified":"2025-07-30T21:13:01","modified_gmt":"2025-07-31T00:13:01","slug":"decisao-judicial-interrompe-derrubada-na-fazendinha-do-sol-nascente","status":"publish","type":"post","link":"https:\/\/rehabitare.direito.ufmg.br\/?p=4800","title":{"rendered":"Decis\u00e3o judicial interrompe derrubada na Fazendinha do Sol Nascente"},"content":{"rendered":"\n<p>Ap\u00f3s tr\u00eas dias de opera\u00e7\u00e3o de derrubadas da Secretaria DF Legal na regi\u00e3o conhecida como Fazendinha, uma liminar foi concedida pelo juiz titular da Vara do Meio Ambiente, Desenvolvimento Urbano e Fundi\u00e1rio do DF, Carlos Maroja, suspendendo de forma imediata as ordens de\u00a0remo\u00e7\u00e3o dos moradores do Trecho III do Sol Nascente.<\/p>\n\n\n\n<p>A liminar foi obtida pelo advogado e professor da\u00a0Faculdade de Direito da UnB Eduardo Xavier Lemos, representante legal do Instituto Filhas da Terra.\u00a0A decis\u00e3o reconheceu o direito da comunidade \u00e0 moradia digna e determinou a retomada do processo por meio do di\u00e1logo. Ao\u00a0Correio,\u00a0Lemos disse que\u00a0a popula\u00e7\u00e3o foi &#8220;alvo do uso exacerbado da for\u00e7a por parte da seguran\u00e7a p\u00fablica, atingindo, principalmente, mulheres e crian\u00e7as&#8221;.<\/p>\n\n\n\n<p>&#8220;A decis\u00e3o freia a viol\u00eancia ocorrida na \u00faltima semana, quando os moradores foram desalojados sem notifica\u00e7\u00e3o pr\u00e9via e sem a apresenta\u00e7\u00e3o de um cronograma por parte da\u00a0SEDES. Al\u00e9m disso, n\u00e3o foi oferecida nenhuma pol\u00edtica social ou habitacional \u00e0s fam\u00edlias. Houve uso excessivo da for\u00e7a, com emprego de g\u00e1s lacrimog\u00eaneo, balas de borracha e da cavalaria da PMDF&#8221;, afirmou o advogado.<\/p>\n\n\n\n<p>Ele explica ainda que a medida liminar estanca os despejos at\u00e9 que seja apresentado um cronograma, al\u00e9m de aplicar uma s\u00e9rie de condicionantes para opera\u00e7\u00f5es futuras do\u00a0GDF, como o pr\u00e9vio levantamento das pessoas em situa\u00e7\u00e3o de vulnerabilidade social ali presentes e a indica\u00e7\u00e3o da alternativa de moradia para as fam\u00edlias.\u00a0<\/p>\n\n\n\n<p>Foto: retirada da reportagem. <\/p>\n\n\n\n<p>Fonte: <a href=\"https:\/\/www.correiobraziliense.com.br\/cidades-df\/2025\/07\/7208374-decisao-judicial-interrompe-derrubada-na-fazendinha-do-sol-nascente.html\" data-type=\"link\" data-id=\"https:\/\/www.correiobraziliense.com.br\/cidades-df\/2025\/07\/7208374-decisao-judicial-interrompe-derrubada-na-fazendinha-do-sol-nascente.html\">Correio Braziliense <\/a><\/p>\n","protected":false},"excerpt":{"rendered":"<p>Ap\u00f3s tr\u00eas dias de opera\u00e7\u00e3o de derrubadas da Secretaria DF Legal na regi\u00e3o conhecida como Fazendinha, uma liminar foi concedida pelo juiz titular da Vara [&hellip;] <span class=\"read-more-link\"><a class=\"read-more\" href=\"https:\/\/rehabitare.direito.ufmg.br\/?p=4800\">Read More<\/a><\/span><\/p>\n","protected":false},"author":1,"featured_media":4801,"comment_status":"open","ping_status":"open","sticky":false,"template":"","format":"standard","meta":{"footnotes":""},"categories":[7],"tags":[201,198,144],"class_list":["post-4800","post","type-post","status-publish","format-standard","has-post-thumbnail","hentry","category-noticias","tag-direito-a-moradia","tag-habitacao-social","tag-remocoes-forcadas"],"_links":{"self":[{"href":"https:\/\/rehabitare.direito.ufmg.br\/index.php?rest_route=\/wp\/v2\/posts\/4800"}],"collection":[{"href":"https:\/\/rehabitare.direito.ufmg.br\/index.php?rest_route=\/wp\/v2\/posts"}],"about":[{"href":"https:\/\/rehabitare.direito.ufmg.br\/index.php?rest_route=\/wp\/v2\/types\/post"}],"author":[{"embeddable":true,"href":"https:\/\/rehabitare.direito.ufmg.br\/index.php?rest_route=\/wp\/v2\/users\/1"}],"replies":[{"embeddable":true,"href":"https:\/\/rehabitare.direito.ufmg.br\/index.php?rest_route=%2Fwp%2Fv2%2Fcomments&post=4800"}],"version-history":[{"count":1,"href":"https:\/\/rehabitare.direito.ufmg.br\/index.php?rest_route=\/wp\/v2\/posts\/4800\/revisions"}],"predecessor-version":[{"id":4802,"href":"https:\/\/rehabitare.direito.ufmg.br\/index.php?rest_route=\/wp\/v2\/posts\/4800\/revisions\/4802"}],"wp:featuredmedia":[{"embeddable":true,"href":"https:\/\/rehabitare.direito.ufmg.br\/index.php?rest_route=\/wp\/v2\/media\/4801"}],"wp:attachment":[{"href":"https:\/\/rehabitare.direito.ufmg.br\/index.php?rest_route=%2Fwp%2Fv2%2Fmedia&parent=4800"}],"wp:term":[{"taxonomy":"category","embeddable":true,"href":"https:\/\/rehabitare.direito.ufmg.br\/index.php?rest_route=%2Fwp%2Fv2%2Fcategories&post=4800"},{"taxonomy":"post_tag","embeddable":true,"href":"https:\/\/rehabitare.direito.ufmg.br\/index.php?rest_route=%2Fwp%2Fv2%2Ftags&post=4800"}],"curies":[{"name":"wp","href":"https:\/\/api.w.org\/{rel}","templated":true}]}}