{"id":4807,"date":"2025-08-01T19:14:09","date_gmt":"2025-08-01T22:14:09","guid":{"rendered":"https:\/\/rehabitare.direito.ufmg.br\/?p=4807"},"modified":"2025-08-01T19:14:10","modified_gmt":"2025-08-01T22:14:10","slug":"barragem-da-emicon-em-brumadinho-entra-em-nivel-2-de-emergencia-e-moradores-sao-evacuados","status":"publish","type":"post","link":"https:\/\/rehabitare.direito.ufmg.br\/?p=4807","title":{"rendered":"Barragem da Emicon, em Brumadinho, entra em n\u00edvel 2 de emerg\u00eancia e moradores s\u00e3o evacuados"},"content":{"rendered":"\n<p>REVITIMIZA\u00c7\u00c3O.\u00a0A falta de informa\u00e7\u00f5es sobre os riscos e os mecanismos de prote\u00e7\u00e3o aprofunda os danos psicol\u00f3gicos e sociais da popula\u00e7\u00e3o.<\/p>\n\n\n\n<p>A Ag\u00eancia Nacional de Minera\u00e7\u00e3o (ANM) elevou, nesta quarta-feira (23), o n\u00edvel de emerg\u00eancia da barragem\u00a0B1-A, pertencente \u00e0 empresa\u00a0Emicon Minera\u00e7\u00e3o e Terraplenagem Ltda., em Brumadinho, Regi\u00e3o Metropolitana de Belo Horizonte. O alerta subiu de n\u00edvel 1 para n\u00edvel 2, em uma escala de 1 a 3, indicando maior risco de rompimento. A medida foi tomada como\u00a0preven\u00e7\u00e3o\u00a0para garantir a seguran\u00e7a da popula\u00e7\u00e3o residente na\u00a0Zona de Autossalvamento (ZAS).\u00a0<\/p>\n\n\n\n<p>Na quinta-feira (24), a\u00a0Justi\u00e7a acatou pedido do MPMG e determinou a ado\u00e7\u00e3o de medidas emergenciais para garantir a seguran\u00e7a de barragem\u00a0da Emicon, em Brumadinho.<\/p>\n\n\n\n<p>Segundo a ANM, os estados das barragens da Emicon Minera\u00e7\u00e3o e Terraplenagem em Brumadinho s\u00e3o de\u00a0total abandono, n\u00e3o havendo sequer a presen\u00e7a de funcion\u00e1rios da empresa no local. Devido \u00e0 falta de fiscaliza\u00e7\u00e3o e de estudos atualizados que comprovem a integridade das estruturas da barragem, a ANM decidiu por alterar o n\u00edvel de emerg\u00eancia, como medida preventiva e de seguran\u00e7a das pessoas que ocupam a Zona de Autossalvamento (ZAS).\u00a0\u00a0<\/p>\n\n\n\n<p>Como consequ\u00eancia direta, cerca de\u00a040 pessoas, distribu\u00eddas em\u00a0seis fam\u00edlias e 29 resid\u00eancias, foram notificadas pela\u00a0Defesa Civil\u00a0para evacuar a ZAS. A Prefeitura de Brumadinho montou um\u00a0Centro Estrat\u00e9gico Municipal\u00a0para dar suporte log\u00edstico, com\u00a0cadastramento e remo\u00e7\u00e3o preventiva\u00a0a partir do dia 25 de julho. As fam\u00edlias ser\u00e3o transferidas para im\u00f3veis alugados em \u00e1reas seguras.\u00a0<\/p>\n\n\n\n<p>Organiza\u00e7\u00f5es como a Avabrum (Associa\u00e7\u00e3o dos Familiares de V\u00edtimas e Atingidos pelo Rompimento da Barragem Mina C\u00f3rrego do Feij\u00e3o) denunciam a\u00a0falta de informa\u00e7\u00f5es claras, de transpar\u00eancia e implementa\u00e7\u00e3o de uma pol\u00edtica efetiva\u00a0de preven\u00e7\u00e3o a rompimento de barragens, que v\u00e1 al\u00e9m de medidas paliativas e garanta a prote\u00e7\u00e3o real da sociedade.<\/p>\n\n\n\n<p>Al\u00e9m disso, a Emicon \u00e9 alvo de a\u00e7\u00f5es judiciais desde 2024 por\u00a0descumprir cl\u00e1usulas do Termo de Compromisso firmado em 2022\u00a0com o Minist\u00e9rio P\u00fablico de Minas Gerais.<\/p>\n\n\n\n<p>Foto: retirada da reportagem.<\/p>\n\n\n\n<p>Fonte: <em><a href=\"https:\/\/aedasmg.org\/barragem-da-emicon-em-brumadinho-entra-em-nivel-2-de-emergencia\/\" data-type=\"link\" data-id=\"https:\/\/aedasmg.org\/barragem-da-emicon-em-brumadinho-entra-em-nivel-2-de-emergencia\/\">Aedas MG<\/a><\/em><\/p>\n\n\n\n<p><\/p>\n","protected":false},"excerpt":{"rendered":"<p>REVITIMIZA\u00c7\u00c3O.\u00a0A falta de informa\u00e7\u00f5es sobre os riscos e os mecanismos de prote\u00e7\u00e3o aprofunda os danos psicol\u00f3gicos e sociais da popula\u00e7\u00e3o. A Ag\u00eancia Nacional de Minera\u00e7\u00e3o [&hellip;] <span class=\"read-more-link\"><a class=\"read-more\" href=\"https:\/\/rehabitare.direito.ufmg.br\/?p=4807\">Read More<\/a><\/span><\/p>\n","protected":false},"author":1,"featured_media":4808,"comment_status":"open","ping_status":"open","sticky":false,"template":"","format":"standard","meta":{"footnotes":""},"categories":[7],"tags":[206,279,280],"class_list":["post-4807","post","type-post","status-publish","format-standard","has-post-thumbnail","hentry","category-noticias","tag-brumadinho","tag-evacuacao","tag-suporte-habitacional"],"_links":{"self":[{"href":"https:\/\/rehabitare.direito.ufmg.br\/index.php?rest_route=\/wp\/v2\/posts\/4807"}],"collection":[{"href":"https:\/\/rehabitare.direito.ufmg.br\/index.php?rest_route=\/wp\/v2\/posts"}],"about":[{"href":"https:\/\/rehabitare.direito.ufmg.br\/index.php?rest_route=\/wp\/v2\/types\/post"}],"author":[{"embeddable":true,"href":"https:\/\/rehabitare.direito.ufmg.br\/index.php?rest_route=\/wp\/v2\/users\/1"}],"replies":[{"embeddable":true,"href":"https:\/\/rehabitare.direito.ufmg.br\/index.php?rest_route=%2Fwp%2Fv2%2Fcomments&post=4807"}],"version-history":[{"count":1,"href":"https:\/\/rehabitare.direito.ufmg.br\/index.php?rest_route=\/wp\/v2\/posts\/4807\/revisions"}],"predecessor-version":[{"id":4809,"href":"https:\/\/rehabitare.direito.ufmg.br\/index.php?rest_route=\/wp\/v2\/posts\/4807\/revisions\/4809"}],"wp:featuredmedia":[{"embeddable":true,"href":"https:\/\/rehabitare.direito.ufmg.br\/index.php?rest_route=\/wp\/v2\/media\/4808"}],"wp:attachment":[{"href":"https:\/\/rehabitare.direito.ufmg.br\/index.php?rest_route=%2Fwp%2Fv2%2Fmedia&parent=4807"}],"wp:term":[{"taxonomy":"category","embeddable":true,"href":"https:\/\/rehabitare.direito.ufmg.br\/index.php?rest_route=%2Fwp%2Fv2%2Fcategories&post=4807"},{"taxonomy":"post_tag","embeddable":true,"href":"https:\/\/rehabitare.direito.ufmg.br\/index.php?rest_route=%2Fwp%2Fv2%2Ftags&post=4807"}],"curies":[{"name":"wp","href":"https:\/\/api.w.org\/{rel}","templated":true}]}}