{"id":4841,"date":"2025-08-20T18:52:27","date_gmt":"2025-08-20T21:52:27","guid":{"rendered":"https:\/\/rehabitare.direito.ufmg.br\/?p=4841"},"modified":"2025-08-20T18:52:27","modified_gmt":"2025-08-20T21:52:27","slug":"pesquisa-mapeia-imoveis-publicos-que-poderiam-servir-a-habitacao-popular-em-porto-alegre","status":"publish","type":"post","link":"https:\/\/rehabitare.direito.ufmg.br\/?p=4841","title":{"rendered":"Pesquisa mapeia im\u00f3veis p\u00fablicos que poderiam servir \u00e0 habita\u00e7\u00e3o popular em Porto Alegre"},"content":{"rendered":"\n<p>Uma pesquisa realizada no Programa de P\u00f3s-Gradua\u00e7\u00e3o em Planejamento Urbano e Regional da Universidade Federal do Rio Grande do Sul (PROPUR\/UFRGS) aponta que Porto Alegre possui um grande n\u00famero de propriedades p\u00fablicas que poderiam ser destinadas \u00e0 habita\u00e7\u00e3o popular. A partir de um levantamento dos im\u00f3veis vagos na Capital, a professora Clarice Misoczky de Oliveira, a doutoranda Isabelle Carolina Mangoni Soares e a mestranda Rafaela Silveira Pereira mostram ainda que a gest\u00e3o desses bens \u2013 do Munic\u00edpio, Estado e Uni\u00e3o \u2013 tem sido conduzida sob a l\u00f3gica da iniciativa privada, em detrimento do interesse p\u00fablico.<\/p>\n\n\n\n<p>Segundo Clarice Oliveira, que tamb\u00e9m \u00e9 co-presidente do IAB RS, o d\u00e9ficit habitacional de Porto Alegre se agravou ap\u00f3s a enchente hist\u00f3rica de maio de 2024. Nesse contexto, o levantamento busca compreender a disponibilidade de terras p\u00fablicas capazes de atender \u00e0 demanda emergencial.<\/p>\n\n\n\n<p>No estudo, as pesquisadoras apontam que \u00e9 relevante entender o cen\u00e1rio dos im\u00f3veis p\u00fablicos vazios, no sentido de identificar terrenos dispon\u00edveis em \u00e1reas com oferta de infraestrutura urbana para provis\u00e3o habitacional e identificar edifica\u00e7\u00f5es vazias em \u00e1reas centrais que possam passar por adapta\u00e7\u00e3o de uso para suprir demandas habitacionais.<\/p>\n\n\n\n<p>O estudo tamb\u00e9m avaliou programas e projetos em andamento nos tr\u00eas n\u00edveis de governo. Segundo as autoras, Porto Alegre e o Governo do Estado t\u00eam seguido a l\u00f3gica do projeto de desestatiza\u00e7\u00e3o de ativos imobili\u00e1rios lan\u00e7ado pelo BNDES em 2021, durante o governo de Jair Bolsonaro. J\u00e1 o governo federal, em sentido oposto, lan\u00e7ou em 2024, sob a gest\u00e3o de Luiz In\u00e1cio Lula da Silva, o programa Im\u00f3vel da Gente, que busca democratizar o uso de im\u00f3veis p\u00fablicos para fins sociais.<\/p>\n\n\n\n<p>Foto: retirada da reportagem.<\/p>\n\n\n\n<p>Fonte: <a href=\"https:\/\/sul21.com.br\/noticias\/geral\/2025\/08\/pesquisa-mapeia-imoveis-publicos-que-poderiam-servir-a-habitacao-popular-em-porto-alegre\/\" data-type=\"link\" data-id=\"https:\/\/sul21.com.br\/noticias\/geral\/2025\/08\/pesquisa-mapeia-imoveis-publicos-que-poderiam-servir-a-habitacao-popular-em-porto-alegre\/\">Sul 21<\/a><\/p>\n","protected":false},"excerpt":{"rendered":"<p>Uma pesquisa realizada no Programa de P\u00f3s-Gradua\u00e7\u00e3o em Planejamento Urbano e Regional da Universidade Federal do Rio Grande do Sul (PROPUR\/UFRGS) aponta que Porto Alegre [&hellip;] <span class=\"read-more-link\"><a class=\"read-more\" href=\"https:\/\/rehabitare.direito.ufmg.br\/?p=4841\">Read More<\/a><\/span><\/p>\n","protected":false},"author":1,"featured_media":4844,"comment_status":"open","ping_status":"open","sticky":false,"template":"","format":"standard","meta":{"footnotes":""},"categories":[7],"tags":[190],"class_list":["post-4841","post","type-post","status-publish","format-standard","has-post-thumbnail","hentry","category-noticias","tag-programa-de-moradia"],"_links":{"self":[{"href":"https:\/\/rehabitare.direito.ufmg.br\/index.php?rest_route=\/wp\/v2\/posts\/4841"}],"collection":[{"href":"https:\/\/rehabitare.direito.ufmg.br\/index.php?rest_route=\/wp\/v2\/posts"}],"about":[{"href":"https:\/\/rehabitare.direito.ufmg.br\/index.php?rest_route=\/wp\/v2\/types\/post"}],"author":[{"embeddable":true,"href":"https:\/\/rehabitare.direito.ufmg.br\/index.php?rest_route=\/wp\/v2\/users\/1"}],"replies":[{"embeddable":true,"href":"https:\/\/rehabitare.direito.ufmg.br\/index.php?rest_route=%2Fwp%2Fv2%2Fcomments&post=4841"}],"version-history":[{"count":1,"href":"https:\/\/rehabitare.direito.ufmg.br\/index.php?rest_route=\/wp\/v2\/posts\/4841\/revisions"}],"predecessor-version":[{"id":4845,"href":"https:\/\/rehabitare.direito.ufmg.br\/index.php?rest_route=\/wp\/v2\/posts\/4841\/revisions\/4845"}],"wp:featuredmedia":[{"embeddable":true,"href":"https:\/\/rehabitare.direito.ufmg.br\/index.php?rest_route=\/wp\/v2\/media\/4844"}],"wp:attachment":[{"href":"https:\/\/rehabitare.direito.ufmg.br\/index.php?rest_route=%2Fwp%2Fv2%2Fmedia&parent=4841"}],"wp:term":[{"taxonomy":"category","embeddable":true,"href":"https:\/\/rehabitare.direito.ufmg.br\/index.php?rest_route=%2Fwp%2Fv2%2Fcategories&post=4841"},{"taxonomy":"post_tag","embeddable":true,"href":"https:\/\/rehabitare.direito.ufmg.br\/index.php?rest_route=%2Fwp%2Fv2%2Ftags&post=4841"}],"curies":[{"name":"wp","href":"https:\/\/api.w.org\/{rel}","templated":true}]}}