{"id":4872,"date":"2025-09-03T20:38:33","date_gmt":"2025-09-03T23:38:33","guid":{"rendered":"https:\/\/rehabitare.direito.ufmg.br\/?p=4872"},"modified":"2025-09-03T20:38:34","modified_gmt":"2025-09-03T23:38:34","slug":"presidente-da-camara-indica-nomes-dos-sete-vereadores-que-farao-parte-da-cpi-das-fraudes-em-imoveis-de-interesse-social-em-sp","status":"publish","type":"post","link":"https:\/\/rehabitare.direito.ufmg.br\/?p=4872","title":{"rendered":"Presidente da C\u00e2mara indica nomes dos sete vereadores que far\u00e3o parte da CPI das fraudes em im\u00f3veis de interesse social em SP"},"content":{"rendered":"\n<p>Cumprindo decis\u00e3o judicial do Tribunal de Justi\u00e7a, o presidente da C\u00e2mara Municipal de S\u00e3o Paulo \u2013 vereador Ricardo Teixeira (Uni\u00e3o Brasil) \u2013 indicou nesta segunda-feira (1\u00b0) os nomes dos sete vereadores que ir\u00e3o compor a chamada CPI das fraudes nas habita\u00e7\u00f5es de interesse social da capital paulista.A comiss\u00e3o ser\u00e1 instalada na quinta-feira (4), em sess\u00e3o que deve come\u00e7ar \u00e0s 10h da manh\u00e3, segundo vereadores indicados para o colegiado.<\/p>\n\n\n\n<p>A CPI tinha sido aprovada no in\u00edcio do ano pelos vereadores da casa, mas n\u00e3o foi instalada por press\u00e3o do prefeito Ricardo Nunes (MDB). <\/p>\n\n\n\n<p>A comiss\u00e3o foi alvo de duas decis\u00f5es judiciais diferentes da Justi\u00e7a, que determinou a instala\u00e7\u00e3o imediata da investiga\u00e7\u00e3o (entenda mais abaixo).<\/p>\n\n\n\n<p>Os vereadores indicados para o colegiado que vai investigar a a\u00e7\u00e3o fraudulenta das construtoras na comercializa\u00e7\u00e3o desses im\u00f3veis para trabalhadores de baixa renda s\u00e3o os seguintes:<\/p>\n\n\n\n<p>Rubinho Nunes (Uni\u00e3o Brasil) &#8211; presidente<\/p>\n\n\n\n<p>Nabil Bonduki (PT)<\/p>\n\n\n\n<p>Isac F\u00e9lix (PL)<\/p>\n\n\n\n<p>Marcelo Messias (MDB)<\/p>\n\n\n\n<p>Silvia da Bancada Feminista (PSOL)<\/p>\n\n\n\n<p>Gabriel Abreu (Podemos)<\/p>\n\n\n\n<p>Murillo Lima (PP)<\/p>\n\n\n\n<p>A CPI deve ter cinco membros da base do governo Nunes e apenas dois vereadores da oposi\u00e7\u00e3o.<\/p>\n\n\n\n<p>Foto: retirada da reportagem. <\/p>\n\n\n\n<p>Fonte: <a href=\"https:\/\/g1.globo.com\/sp\/sao-paulo\/noticia\/2025\/09\/01\/presidente-da-camara-indica-nomes-dos-sete-vereadores-que-farao-parte-da-cpi-das-fraudes-em-imoveis-de-interesse-social-em-sp.ghtml\" data-type=\"link\" data-id=\"https:\/\/g1.globo.com\/sp\/sao-paulo\/noticia\/2025\/09\/01\/presidente-da-camara-indica-nomes-dos-sete-vereadores-que-farao-parte-da-cpi-das-fraudes-em-imoveis-de-interesse-social-em-sp.ghtml\">G1<\/a><\/p>\n","protected":false},"excerpt":{"rendered":"<p>Cumprindo decis\u00e3o judicial do Tribunal de Justi\u00e7a, o presidente da C\u00e2mara Municipal de S\u00e3o Paulo \u2013 vereador Ricardo Teixeira (Uni\u00e3o Brasil) \u2013 indicou nesta segunda-feira [&hellip;] <span class=\"read-more-link\"><a class=\"read-more\" href=\"https:\/\/rehabitare.direito.ufmg.br\/?p=4872\">Read More<\/a><\/span><\/p>\n","protected":false},"author":1,"featured_media":4873,"comment_status":"open","ping_status":"open","sticky":false,"template":"","format":"standard","meta":{"footnotes":""},"categories":[1],"tags":[281,9],"class_list":["post-4872","post","type-post","status-publish","format-standard","has-post-thumbnail","hentry","category-sem-categoria","tag-interessesocial","tag-moradia-adequada"],"_links":{"self":[{"href":"https:\/\/rehabitare.direito.ufmg.br\/index.php?rest_route=\/wp\/v2\/posts\/4872"}],"collection":[{"href":"https:\/\/rehabitare.direito.ufmg.br\/index.php?rest_route=\/wp\/v2\/posts"}],"about":[{"href":"https:\/\/rehabitare.direito.ufmg.br\/index.php?rest_route=\/wp\/v2\/types\/post"}],"author":[{"embeddable":true,"href":"https:\/\/rehabitare.direito.ufmg.br\/index.php?rest_route=\/wp\/v2\/users\/1"}],"replies":[{"embeddable":true,"href":"https:\/\/rehabitare.direito.ufmg.br\/index.php?rest_route=%2Fwp%2Fv2%2Fcomments&post=4872"}],"version-history":[{"count":1,"href":"https:\/\/rehabitare.direito.ufmg.br\/index.php?rest_route=\/wp\/v2\/posts\/4872\/revisions"}],"predecessor-version":[{"id":4874,"href":"https:\/\/rehabitare.direito.ufmg.br\/index.php?rest_route=\/wp\/v2\/posts\/4872\/revisions\/4874"}],"wp:featuredmedia":[{"embeddable":true,"href":"https:\/\/rehabitare.direito.ufmg.br\/index.php?rest_route=\/wp\/v2\/media\/4873"}],"wp:attachment":[{"href":"https:\/\/rehabitare.direito.ufmg.br\/index.php?rest_route=%2Fwp%2Fv2%2Fmedia&parent=4872"}],"wp:term":[{"taxonomy":"category","embeddable":true,"href":"https:\/\/rehabitare.direito.ufmg.br\/index.php?rest_route=%2Fwp%2Fv2%2Fcategories&post=4872"},{"taxonomy":"post_tag","embeddable":true,"href":"https:\/\/rehabitare.direito.ufmg.br\/index.php?rest_route=%2Fwp%2Fv2%2Ftags&post=4872"}],"curies":[{"name":"wp","href":"https:\/\/api.w.org\/{rel}","templated":true}]}}