{"id":4891,"date":"2025-09-16T07:54:11","date_gmt":"2025-09-16T10:54:11","guid":{"rendered":"https:\/\/rehabitare.direito.ufmg.br\/?p=4891"},"modified":"2025-09-16T07:54:11","modified_gmt":"2025-09-16T10:54:11","slug":"mp-pede-a-justica-anulacao-de-projeto-aprovado-na-camara-que-autorizou-leilao-de-ruas-de-sp-sem-consulta-publica","status":"publish","type":"post","link":"https:\/\/rehabitare.direito.ufmg.br\/?p=4891","title":{"rendered":"MP pede \u00e0 Justi\u00e7a anula\u00e7\u00e3o de projeto aprovado na C\u00e2mara que autorizou leil\u00e3o de ruas de SP sem consulta p\u00fablica"},"content":{"rendered":"\n<p>O Minist\u00e9rio P\u00fablico de S\u00e3o Paulo (MP-SP) ingressou nesta quarta-feira (10) com uma a\u00e7\u00e3o civil p\u00fablica na Justi\u00e7a pedindo a anula\u00e7\u00e3o de todo o processo legislativo da C\u00e2mara que aprovou o projeto de venda de uma viela no bairro dos Jardins, Zona Oeste da capital paulista, para a iniciativa privada.<\/p>\n\n\n\n<p>O projeto de lei 673\/2025, de autoria do prefeito Ricardo Nunes (MDB), foi aprovado na quarta-feira passada (3), em 2\u00b0 turno, por 29 votos a favor e 11 contr\u00e1rios.<\/p>\n\n\n\n<p>O MP j\u00e1 abriu uma investiga\u00e7\u00e3o preliminar contra o vereador Marcelo Messias para entender a motiva\u00e7\u00e3o dele em colocar a rua de Santo Amaro dentro do projeto, sem a devida consulta p\u00fablica aos moradores da \u00e1rea, que \u00e9 alvo de interesse imobili\u00e1rio de uma empresa farmac\u00eautica.<\/p>\n\n\n\n<p>Na a\u00e7\u00e3o civil p\u00fablica protocolada nesta quarta (10), os promotores da Habita\u00e7\u00e3o da capital paulista dizem que tanto a proposta do Poder Executivo, quanto as emendas dos vereadores, \u201cignoraram o princ\u00edpio da gest\u00e3o democr\u00e1tica da cidade\u201d.<\/p>\n\n\n\n<p>\u201cPara al\u00e9m da falta de consulta aos moradores das \u00e1reas afetadas, os poderes executivo e legislativo de S\u00e3o Paulo, de forma deliberada e acintosa, n\u00e3o providenciaram qualquer tipo de audi\u00eancia p\u00fablica para oitiva da sociedade civil, em especial, das comunidades do entorno. O processo, como um todo, ignorou o princ\u00edpio da gest\u00e3o democr\u00e1tica da cidade\u201d, escreveram os promotores Marcus Vinicius Monteiro, Camila Mansour e Roberto Lu\u00eds de Oliveira Pimentel.<\/p>\n\n\n\n<p>Para os representantes do MP-SP, os vereadores da capital paulista usaram \u201cum projeto de lei com alcance restrito foi usado indevidamente como \u2018ve\u00edculo\u2019 para aprovar, sem debate p\u00fablico, a aliena\u00e7\u00e3o de terrenos valiosos em \u00e1reas nobres e outras regi\u00f5es da cidade.\u201d<\/p>\n\n\n\n<p>Foto: retirada da reportagem. <\/p>\n\n\n\n<p>Fonte: <a href=\"https:\/\/g1.globo.com\/sp\/sao-paulo\/noticia\/2025\/09\/11\/mp-pede-a-justica-anulacao-de-projeto-aprovado-na-camara-que-autorizou-leilao-de-ruas-de-sp-sem-consulta-publica.ghtml\" data-type=\"link\" data-id=\"https:\/\/g1.globo.com\/sp\/sao-paulo\/noticia\/2025\/09\/11\/mp-pede-a-justica-anulacao-de-projeto-aprovado-na-camara-que-autorizou-leilao-de-ruas-de-sp-sem-consulta-publica.ghtml\">G1<\/a><\/p>\n","protected":false},"excerpt":{"rendered":"<p>O Minist\u00e9rio P\u00fablico de S\u00e3o Paulo (MP-SP) ingressou nesta quarta-feira (10) com uma a\u00e7\u00e3o civil p\u00fablica na Justi\u00e7a pedindo a anula\u00e7\u00e3o de todo o processo [&hellip;] <span class=\"read-more-link\"><a class=\"read-more\" href=\"https:\/\/rehabitare.direito.ufmg.br\/?p=4891\">Read More<\/a><\/span><\/p>\n","protected":false},"author":1,"featured_media":4892,"comment_status":"open","ping_status":"open","sticky":false,"template":"","format":"standard","meta":{"footnotes":""},"categories":[7],"tags":[],"class_list":["post-4891","post","type-post","status-publish","format-standard","has-post-thumbnail","hentry","category-noticias"],"_links":{"self":[{"href":"https:\/\/rehabitare.direito.ufmg.br\/index.php?rest_route=\/wp\/v2\/posts\/4891"}],"collection":[{"href":"https:\/\/rehabitare.direito.ufmg.br\/index.php?rest_route=\/wp\/v2\/posts"}],"about":[{"href":"https:\/\/rehabitare.direito.ufmg.br\/index.php?rest_route=\/wp\/v2\/types\/post"}],"author":[{"embeddable":true,"href":"https:\/\/rehabitare.direito.ufmg.br\/index.php?rest_route=\/wp\/v2\/users\/1"}],"replies":[{"embeddable":true,"href":"https:\/\/rehabitare.direito.ufmg.br\/index.php?rest_route=%2Fwp%2Fv2%2Fcomments&post=4891"}],"version-history":[{"count":1,"href":"https:\/\/rehabitare.direito.ufmg.br\/index.php?rest_route=\/wp\/v2\/posts\/4891\/revisions"}],"predecessor-version":[{"id":4893,"href":"https:\/\/rehabitare.direito.ufmg.br\/index.php?rest_route=\/wp\/v2\/posts\/4891\/revisions\/4893"}],"wp:featuredmedia":[{"embeddable":true,"href":"https:\/\/rehabitare.direito.ufmg.br\/index.php?rest_route=\/wp\/v2\/media\/4892"}],"wp:attachment":[{"href":"https:\/\/rehabitare.direito.ufmg.br\/index.php?rest_route=%2Fwp%2Fv2%2Fmedia&parent=4891"}],"wp:term":[{"taxonomy":"category","embeddable":true,"href":"https:\/\/rehabitare.direito.ufmg.br\/index.php?rest_route=%2Fwp%2Fv2%2Fcategories&post=4891"},{"taxonomy":"post_tag","embeddable":true,"href":"https:\/\/rehabitare.direito.ufmg.br\/index.php?rest_route=%2Fwp%2Fv2%2Ftags&post=4891"}],"curies":[{"name":"wp","href":"https:\/\/api.w.org\/{rel}","templated":true}]}}