{"id":4901,"date":"2025-09-22T19:24:02","date_gmt":"2025-09-22T22:24:02","guid":{"rendered":"https:\/\/rehabitare.direito.ufmg.br\/?p=4901"},"modified":"2025-09-22T19:24:03","modified_gmt":"2025-09-22T22:24:03","slug":"brasil-contabiliza-mais-de-2-milhoes-de-pessoas-afetadas-por-despejos-e-remocoes-forcadas","status":"publish","type":"post","link":"https:\/\/rehabitare.direito.ufmg.br\/?p=4901","title":{"rendered":"Brasil contabiliza mais de 2 milh\u00f5es de pessoas afetadas por despejos e remo\u00e7\u00f5es for\u00e7adas"},"content":{"rendered":"\n<p>O Brasil contabiliza 2.098.948 milh\u00f5es de pessoas afetadas por despejos e remo\u00e7\u00f5es for\u00e7adas desde 2020 e agosto de 2025, segundo novo\u00a0levantamento da Campanha Despejo Zero, divulgado nesta segunda-feira (15). A divulga\u00e7\u00e3o coincide com a realiza\u00e7\u00e3o do semin\u00e1rio, em Bras\u00edlia (DF), dos 5 anos da articula\u00e7\u00e3o nacional que re\u00fane mais de 175 organiza\u00e7\u00f5es, entidades e movimentos sociais em defesa da vida no campo e na cidade.\u00a0\u00a0<\/p>\n\n\n\n<p>Com objetivo de subsidiar a constru\u00e7\u00e3o de alternativas e pol\u00edticas p\u00fablicas para melhorar as condi\u00e7\u00f5es de vida dos grupos vulnerabilizados no pa\u00eds e reunir evid\u00eancias para contestar a pr\u00e1tica das remo\u00e7\u00f5es, o levantamento tem apontado \u2013 a cada nova edi\u00e7\u00e3o \u2013 o p\u00fablico mais diretamente afetado por despejos e remo\u00e7\u00f5es. De acordo com mapeamento presencial e online, mulheres e pessoas negras contabilizam 1,313 milh\u00f5es e 1,391 milh\u00e3o entre as pessoas atingidas, respectivamente. Apenas crian\u00e7as contabilizam cerca de 415 mil afetadas.<\/p>\n\n\n\n<p>Os dados apresentam converg\u00eancia com o perfil da popula\u00e7\u00e3o brasileira que sofre com a viola\u00e7\u00e3o do direito \u00e0 moradia. De acordo com a Funda\u00e7\u00e3o Pinheiro 75% dos domic\u00edlios de um universo de mais de 6,2 milh\u00f5es em situa\u00e7\u00e3o de d\u00e9ficit habitacional s\u00e3o de baixa renda, 66% s\u00e3o de pessoas negras, 62% s\u00e3o chefiados por mulheres. Isso inclui fam\u00edlias que precisam escolher se comem ou pagam aluguel no fim do m\u00eas e aquelas que moram de favor ou em condi\u00e7\u00f5es extremamente prec\u00e1rias por n\u00e3o terem alternativa de moradia, entre outros fatores. J\u00e1 no ambiente rural, ainda que a agricultura familiar responda pela maioria em quantidade de estabelecimentos, as maiores \u00e1reas s\u00e3o reservadas ao agroneg\u00f3cio e propriet\u00e1rios brancos.\u00a0<\/p>\n\n\n\n<p>Foto: retirada da reportagem.<\/p>\n\n\n\n<p>Fonte: <a href=\"https:\/\/www.terradedireitos.org.br\/noticias\/noticias\/brasil-contabiliza-mais-de-2-milhoes-de-pessoas-afetadas-por-despejos-e-remocoes-forcadas\/24202\" data-type=\"link\" data-id=\"https:\/\/www.terradedireitos.org.br\/noticias\/noticias\/brasil-contabiliza-mais-de-2-milhoes-de-pessoas-afetadas-por-despejos-e-remocoes-forcadas\/24202\">Terra de Direitos <\/a><\/p>\n\n\n\n<p><\/p>\n","protected":false},"excerpt":{"rendered":"<p>O Brasil contabiliza 2.098.948 milh\u00f5es de pessoas afetadas por despejos e remo\u00e7\u00f5es for\u00e7adas desde 2020 e agosto de 2025, segundo novo\u00a0levantamento da Campanha Despejo Zero, [&hellip;] <span class=\"read-more-link\"><a class=\"read-more\" href=\"https:\/\/rehabitare.direito.ufmg.br\/?p=4901\">Read More<\/a><\/span><\/p>\n","protected":false},"author":1,"featured_media":4902,"comment_status":"open","ping_status":"open","sticky":false,"template":"","format":"standard","meta":{"footnotes":""},"categories":[7],"tags":[],"class_list":["post-4901","post","type-post","status-publish","format-standard","has-post-thumbnail","hentry","category-noticias"],"_links":{"self":[{"href":"https:\/\/rehabitare.direito.ufmg.br\/index.php?rest_route=\/wp\/v2\/posts\/4901"}],"collection":[{"href":"https:\/\/rehabitare.direito.ufmg.br\/index.php?rest_route=\/wp\/v2\/posts"}],"about":[{"href":"https:\/\/rehabitare.direito.ufmg.br\/index.php?rest_route=\/wp\/v2\/types\/post"}],"author":[{"embeddable":true,"href":"https:\/\/rehabitare.direito.ufmg.br\/index.php?rest_route=\/wp\/v2\/users\/1"}],"replies":[{"embeddable":true,"href":"https:\/\/rehabitare.direito.ufmg.br\/index.php?rest_route=%2Fwp%2Fv2%2Fcomments&post=4901"}],"version-history":[{"count":1,"href":"https:\/\/rehabitare.direito.ufmg.br\/index.php?rest_route=\/wp\/v2\/posts\/4901\/revisions"}],"predecessor-version":[{"id":4903,"href":"https:\/\/rehabitare.direito.ufmg.br\/index.php?rest_route=\/wp\/v2\/posts\/4901\/revisions\/4903"}],"wp:featuredmedia":[{"embeddable":true,"href":"https:\/\/rehabitare.direito.ufmg.br\/index.php?rest_route=\/wp\/v2\/media\/4902"}],"wp:attachment":[{"href":"https:\/\/rehabitare.direito.ufmg.br\/index.php?rest_route=%2Fwp%2Fv2%2Fmedia&parent=4901"}],"wp:term":[{"taxonomy":"category","embeddable":true,"href":"https:\/\/rehabitare.direito.ufmg.br\/index.php?rest_route=%2Fwp%2Fv2%2Fcategories&post=4901"},{"taxonomy":"post_tag","embeddable":true,"href":"https:\/\/rehabitare.direito.ufmg.br\/index.php?rest_route=%2Fwp%2Fv2%2Ftags&post=4901"}],"curies":[{"name":"wp","href":"https:\/\/api.w.org\/{rel}","templated":true}]}}