{"id":4905,"date":"2025-09-24T15:34:50","date_gmt":"2025-09-24T18:34:50","guid":{"rendered":"https:\/\/rehabitare.direito.ufmg.br\/?p=4905"},"modified":"2025-09-26T08:31:15","modified_gmt":"2025-09-26T11:31:15","slug":"deficit-habitacional-cai-ao-menor-nivel-da-serie-mas-mais-moradias-sao-inadequadas-diz-pesquisa","status":"publish","type":"post","link":"https:\/\/rehabitare.direito.ufmg.br\/?p=4905","title":{"rendered":"D\u00e9ficit habitacional cai ao menor n\u00edvel da s\u00e9rie, mas mais moradias s\u00e3o inadequadas, diz pesquisa"},"content":{"rendered":"\n<p>O d\u00e9ficit habitacional no Brasil caiu para 5,97 milh\u00f5es de moradias em 2023, o menor n\u00famero desde o in\u00edcio da s\u00e9rie hist\u00f3rica pesquisada pela Funda\u00e7\u00e3o Jo\u00e3o Pinheiro, iniciada em 2016. A GloboNews teve acesso com exclusividade aos dados do relat\u00f3rio.<\/p>\n\n\n\n<p>A car\u00eancia de moradias caiu 3,8% em rela\u00e7\u00e3o a 2022. O desafio, por\u00e9m, n\u00e3o \u00e9 apenas ampliar a constru\u00e7\u00e3o, mas assegurar qualidade. Nesse contexto, a inadequa\u00e7\u00e3o habitacional aumentou 4,34% e atingiu 27,6 milh\u00f5es de domic\u00edlios urbanos.<\/p>\n\n\n\n<p>O Sudeste (2,31 milh\u00f5es) e o Nordeste (1,63 milh\u00f5es) concentram os maiores n\u00fameros absolutos de d\u00e9ficit, seguidos por Norte, Sul e Centro-Oeste. Em 2023, a maior parte do d\u00e9ficit foi registrada fora das regi\u00f5es metropolitanas.<\/p>\n\n\n\n<p>O maior fator \u00e9 o \u00f4nus excessivo com aluguel urbano, que atinge 3.665.440 domic\u00edlios (61,3%), seguido por habita\u00e7\u00f5es prec\u00e1rias (1.241.437) e por situa\u00e7\u00f5es de coabita\u00e7\u00e3o (1.070.440). (entenda melhor cada um deles abaixo)<\/p>\n\n\n\n<p>Os estados mais impactados pelo d\u00e9ficit habitacional s\u00e3o S\u00e3o Paulo, Rio de Janeiro e Minas Gerais. Os menores n\u00fameros est\u00e3o em Roraima, Acre e Tocantins.<\/p>\n\n\n\n<p>Foto: ilustrativa.<\/p>\n\n\n\n<p>Fonte: <a href=\"https:\/\/g1.globo.com\/economia\/noticia\/2025\/09\/18\/deficit-habitacional-cai-ao-menor-nivel-da-serie-historica-mas-mais-moradias-sao-inadequadas-diz-pesquisa.ghtml\" data-type=\"link\" data-id=\"https:\/\/g1.globo.com\/economia\/noticia\/2025\/09\/18\/deficit-habitacional-cai-ao-menor-nivel-da-serie-historica-mas-mais-moradias-sao-inadequadas-diz-pesquisa.ghtml\">G1<\/a><\/p>\n\n\n\n<p><\/p>\n","protected":false},"excerpt":{"rendered":"<p>O d\u00e9ficit habitacional no Brasil caiu para 5,97 milh\u00f5es de moradias em 2023, o menor n\u00famero desde o in\u00edcio da s\u00e9rie hist\u00f3rica pesquisada pela Funda\u00e7\u00e3o [&hellip;] <span class=\"read-more-link\"><a class=\"read-more\" href=\"https:\/\/rehabitare.direito.ufmg.br\/?p=4905\">Read More<\/a><\/span><\/p>\n","protected":false},"author":1,"featured_media":4908,"comment_status":"open","ping_status":"open","sticky":false,"template":"","format":"standard","meta":{"footnotes":""},"categories":[7],"tags":[141],"class_list":["post-4905","post","type-post","status-publish","format-standard","has-post-thumbnail","hentry","category-noticias","tag-deficit-habitacional"],"_links":{"self":[{"href":"https:\/\/rehabitare.direito.ufmg.br\/index.php?rest_route=\/wp\/v2\/posts\/4905"}],"collection":[{"href":"https:\/\/rehabitare.direito.ufmg.br\/index.php?rest_route=\/wp\/v2\/posts"}],"about":[{"href":"https:\/\/rehabitare.direito.ufmg.br\/index.php?rest_route=\/wp\/v2\/types\/post"}],"author":[{"embeddable":true,"href":"https:\/\/rehabitare.direito.ufmg.br\/index.php?rest_route=\/wp\/v2\/users\/1"}],"replies":[{"embeddable":true,"href":"https:\/\/rehabitare.direito.ufmg.br\/index.php?rest_route=%2Fwp%2Fv2%2Fcomments&post=4905"}],"version-history":[{"count":3,"href":"https:\/\/rehabitare.direito.ufmg.br\/index.php?rest_route=\/wp\/v2\/posts\/4905\/revisions"}],"predecessor-version":[{"id":4913,"href":"https:\/\/rehabitare.direito.ufmg.br\/index.php?rest_route=\/wp\/v2\/posts\/4905\/revisions\/4913"}],"wp:featuredmedia":[{"embeddable":true,"href":"https:\/\/rehabitare.direito.ufmg.br\/index.php?rest_route=\/wp\/v2\/media\/4908"}],"wp:attachment":[{"href":"https:\/\/rehabitare.direito.ufmg.br\/index.php?rest_route=%2Fwp%2Fv2%2Fmedia&parent=4905"}],"wp:term":[{"taxonomy":"category","embeddable":true,"href":"https:\/\/rehabitare.direito.ufmg.br\/index.php?rest_route=%2Fwp%2Fv2%2Fcategories&post=4905"},{"taxonomy":"post_tag","embeddable":true,"href":"https:\/\/rehabitare.direito.ufmg.br\/index.php?rest_route=%2Fwp%2Fv2%2Ftags&post=4905"}],"curies":[{"name":"wp","href":"https:\/\/api.w.org\/{rel}","templated":true}]}}