{"id":4923,"date":"2025-10-04T11:36:45","date_gmt":"2025-10-04T14:36:45","guid":{"rendered":"https:\/\/rehabitare.direito.ufmg.br\/?p=4923"},"modified":"2025-10-04T11:36:46","modified_gmt":"2025-10-04T14:36:46","slug":"destino-de-predio-abandonado-no-centro-de-bh-se-divide-entre-habitacao-ou-saude","status":"publish","type":"post","link":"https:\/\/rehabitare.direito.ufmg.br\/?p=4923","title":{"rendered":"Destino de pr\u00e9dio abandonado no centro de BH se divide entre habita\u00e7\u00e3o ou sa\u00fade"},"content":{"rendered":"\n<p>Abandonado h\u00e1 mais de 15 anos, o\u00a0<strong><a href=\"https:\/\/www.otempo.com.br\/cidades\/ocupantes-tentam-impedir-reintegracao-de-posse-de-predio-da-ufmg-1.1282478\" target=\"_blank\" rel=\"noreferrer noopener\">antigo pr\u00e9dio de Engenharia da Universidade Federal de Minas Gerais (UFMG)<\/a><\/strong>, localizado a apenas 200 metros da pra\u00e7a da Esta\u00e7\u00e3o, no cora\u00e7\u00e3o do centro de Belo Horizonte, \u00e9 desejado por dois projetos completamente distintos. Enquanto a Prefeitura de BH (PBH) pretende\u00a0<strong><a href=\"https:\/\/www.otempo.com.br\/cidades\/pbh-quer-fazer-moradias-populares-em-antigo-predio-da-ufmg-1.3296942\" target=\"_blank\" rel=\"noreferrer noopener\">ocupar os 12 andares do edif\u00edcio hist\u00f3rico com moradias populares<\/a><\/strong>, uma ag\u00eancia de atra\u00e7\u00e3o de investimentos ligada ao governo de Minas deseja transformar o quarteir\u00e3o \u2014 que engloba a avenida do Contorno e as ruas da Bahia, Guaicurus e Esp\u00edrito Santo \u2014 em um complexo de sa\u00fade e biotecnologia.<\/p>\n\n\n\n<p>Esvaziado pela universidade em 2009 e\u00a0<strong><a href=\"https:\/\/www.otempo.com.br\/cidades\/novo-predio-de-tribunal-tera-bicicletario-e-90-varas-1.960794\" target=\"_blank\" rel=\"noreferrer noopener\">cedido em 2011 ao Tribunal Regional do Trabalho de Minas Gerais (TRT-MG)<\/a><\/strong>, o pr\u00e9dio acabou n\u00e3o sendo utilizado pelo \u00f3rg\u00e3o de Justi\u00e7a. Neste intervalo, o imponente edif\u00edcio que foi inaugurado em 1922, chegou a ser ocupado por movimentos populares, na chamada\u00a0<strong><a href=\"https:\/\/www.otempo.com.br\/cidades\/ocupacao-se-muda-e-vira-casa-de-referencia-a-vitima-1.1313675\" target=\"_blank\" rel=\"noreferrer noopener\">ocupa\u00e7\u00e3o &#8220;Tina Martins&#8221;, que, em 2016, foi alvo de uma reintegra\u00e7\u00e3o de posse<\/a><\/strong>. A ideia do grupo que ocupou o local era transformar o pr\u00e9dio em um centro de refer\u00eancia no atendimento \u00e0 mulher.<\/p>\n\n\n\n<p>O Termo de Entrega, que repassou o bem ao tribunal, tinha um prazo de dez anos para ser conclu\u00eddo. Com isso, no pr\u00f3ximo dia 15 de mar\u00e7o de 2026, os direitos sobre o pr\u00e9dio retornar\u00e3o para a Uni\u00e3o, que, somente ent\u00e3o, poder\u00e1 definir o seu destino. Em dezembro de 2023, o ent\u00e3o prefeito de Belo Horizonte, Fuad Noman (PSD), anunciou que tinha enviado ao Minist\u00e9rio da Gest\u00e3o e da Inova\u00e7\u00e3o em Servi\u00e7os P\u00fablicos um pedido de cess\u00e3o do im\u00f3vel.&nbsp;<\/p>\n\n\n\n<p>A proposta segue na mesma dire\u00e7\u00e3o do projeto de&nbsp;<strong><a href=\"https:\/\/www.otempo.com.br\/politica\/2024\/9\/4\/retrofit-do-centro-de-bh-e-aprovado-em-segundo-turno-na-camara\" target=\"_blank\" rel=\"noreferrer noopener\">Retrofit \u2014 reforma de pr\u00e9dios antigos desocupados<\/a><\/strong>&nbsp;\u2014 que h\u00e1 alguns anos vem sendo implementado pela PBH. Em fevereiro deste ano,&nbsp;<strong>O TEMPO<\/strong>&nbsp;divulgou que o antigo pr\u00e9dio do Instituto Nacional de Seguro Social (INSS), que fica em frente ao \u201cBH Resolve\u201d, receberia o investimento de mais de R$ 21 milh\u00f5es para ser&nbsp;<strong><a href=\"https:\/\/www.otempo.com.br\/cidades\/2025\/2\/10\/predio-de-8-andares-no-centro-de-bh-recebera-r-21-mi-e-abrigara-88-familias\" target=\"_blank\" rel=\"noreferrer noopener\">transformado em lar para 88 fam\u00edlias carentes de quatro movimentos de luta por habita\u00e7\u00e3o<\/a><\/strong>.&nbsp;<\/p>\n\n\n\n<p>Foto: retirada da reportagem.<\/p>\n\n\n\n<p>Fonte: <a href=\"https:\/\/share.google\/QDPyuTPc2n822y7FA\" data-type=\"link\" data-id=\"https:\/\/share.google\/QDPyuTPc2n822y7FA\">O Tempo <\/a><\/p>\n","protected":false},"excerpt":{"rendered":"<p>Abandonado h\u00e1 mais de 15 anos, o\u00a0antigo pr\u00e9dio de Engenharia da Universidade Federal de Minas Gerais (UFMG), localizado a apenas 200 metros da pra\u00e7a da [&hellip;] <span class=\"read-more-link\"><a class=\"read-more\" href=\"https:\/\/rehabitare.direito.ufmg.br\/?p=4923\">Read More<\/a><\/span><\/p>\n","protected":false},"author":1,"featured_media":4924,"comment_status":"open","ping_status":"open","sticky":false,"template":"","format":"standard","meta":{"footnotes":""},"categories":[7],"tags":[201],"class_list":["post-4923","post","type-post","status-publish","format-standard","has-post-thumbnail","hentry","category-noticias","tag-direito-a-moradia"],"_links":{"self":[{"href":"https:\/\/rehabitare.direito.ufmg.br\/index.php?rest_route=\/wp\/v2\/posts\/4923"}],"collection":[{"href":"https:\/\/rehabitare.direito.ufmg.br\/index.php?rest_route=\/wp\/v2\/posts"}],"about":[{"href":"https:\/\/rehabitare.direito.ufmg.br\/index.php?rest_route=\/wp\/v2\/types\/post"}],"author":[{"embeddable":true,"href":"https:\/\/rehabitare.direito.ufmg.br\/index.php?rest_route=\/wp\/v2\/users\/1"}],"replies":[{"embeddable":true,"href":"https:\/\/rehabitare.direito.ufmg.br\/index.php?rest_route=%2Fwp%2Fv2%2Fcomments&post=4923"}],"version-history":[{"count":1,"href":"https:\/\/rehabitare.direito.ufmg.br\/index.php?rest_route=\/wp\/v2\/posts\/4923\/revisions"}],"predecessor-version":[{"id":4925,"href":"https:\/\/rehabitare.direito.ufmg.br\/index.php?rest_route=\/wp\/v2\/posts\/4923\/revisions\/4925"}],"wp:featuredmedia":[{"embeddable":true,"href":"https:\/\/rehabitare.direito.ufmg.br\/index.php?rest_route=\/wp\/v2\/media\/4924"}],"wp:attachment":[{"href":"https:\/\/rehabitare.direito.ufmg.br\/index.php?rest_route=%2Fwp%2Fv2%2Fmedia&parent=4923"}],"wp:term":[{"taxonomy":"category","embeddable":true,"href":"https:\/\/rehabitare.direito.ufmg.br\/index.php?rest_route=%2Fwp%2Fv2%2Fcategories&post=4923"},{"taxonomy":"post_tag","embeddable":true,"href":"https:\/\/rehabitare.direito.ufmg.br\/index.php?rest_route=%2Fwp%2Fv2%2Ftags&post=4923"}],"curies":[{"name":"wp","href":"https:\/\/api.w.org\/{rel}","templated":true}]}}