{"id":4937,"date":"2025-10-10T15:42:24","date_gmt":"2025-10-10T18:42:24","guid":{"rendered":"https:\/\/rehabitare.direito.ufmg.br\/?p=4937"},"modified":"2025-10-13T19:48:40","modified_gmt":"2025-10-13T22:48:40","slug":"moradia-social-predios-ignoram-lei-e-liberam-aluguel-de-curta-duracao","status":"publish","type":"post","link":"https:\/\/rehabitare.direito.ufmg.br\/?p=4937","title":{"rendered":"Moradia social: pr\u00e9dios ignoram lei e liberam aluguel de curta dura\u00e7\u00e3o"},"content":{"rendered":"\n<p>Quatro meses depois do prefeito<a href=\"https:\/\/www.metropoles.com\/tag\/ricardo-nunes\">&nbsp;Ricardo Nunes<\/a>&nbsp;(MDB) assinar um decreto<a href=\"https:\/\/www.metropoles.com\/sao-paulo\/apos-suspeita-de-fraudes-nunes-endurece-regras-para-habitacao-social\">&nbsp;proibindo os alugu\u00e9is de curta dura\u00e7\u00e3o em im\u00f3veis destinados \u00e0 Habita\u00e7\u00e3o de Interesse Social (HIS) e de Mercado Popular (HMP)<\/a>, investidores que compraram esses apartamentos continuam anunciando as moradias em plataformas como Airbnb e Booking.<\/p>\n\n\n\n<p>A pr\u00e1tica tem acontecido com a libera\u00e7\u00e3o dos condom\u00ednios, em diferentes bairros da cidade, e \u00e0 revelia da&nbsp;<a href=\"https:\/\/capital.sp.gov.br\/\" target=\"_blank\" rel=\"noreferrer noopener\">Prefeitura de S\u00e3o Paulo<\/a>, que n\u00e3o conseguiu avan\u00e7ar o suficiente na fiscaliza\u00e7\u00e3o dos empreendimentos.<\/p>\n\n\n\n<p>A gest\u00e3o diz que recebeu apenas duas den\u00fancias sobre o problema desde a publica\u00e7\u00e3o do decreto, e alega que vai identificar e notificar os propriet\u00e1rios destes endere\u00e7os, localizados na Rua Paulo de Avelar, 516, na Vila Dom Pedro II, zona norte de S\u00e3o Paulo, e na Rua Asdrubal do Nascimento, 174, na Bela Vista, no centro da capital paulista.<\/p>\n\n\n\n<p>An\u00fancios de apartamentos nessa modalidade, no entanto, s\u00e3o encontrados aos montes nas plataformas online voltadas aos alugu\u00e9is por temporada \u2014 e por pre\u00e7os altos.<\/p>\n\n\n\n<p>Foto: retirada da reportagem.<\/p>\n\n\n\n<p>Fonte: <a href=\"https:\/\/www.metropoles.com\/sao-paulo\/moradia-social-predios-ignoram-lei-e-liberam-aluguel-de-curta-duracao\" data-type=\"link\" data-id=\"https:\/\/www.metropoles.com\/sao-paulo\/moradia-social-predios-ignoram-lei-e-liberam-aluguel-de-curta-duracao\">Metr\u00f3pole<\/a>s<\/p>\n","protected":false},"excerpt":{"rendered":"<p>Quatro meses depois do prefeito&nbsp;Ricardo Nunes&nbsp;(MDB) assinar um decreto&nbsp;proibindo os alugu\u00e9is de curta dura\u00e7\u00e3o em im\u00f3veis destinados \u00e0 Habita\u00e7\u00e3o de Interesse Social (HIS) e de [&hellip;] <span class=\"read-more-link\"><a class=\"read-more\" href=\"https:\/\/rehabitare.direito.ufmg.br\/?p=4937\">Read More<\/a><\/span><\/p>\n","protected":false},"author":1,"featured_media":4938,"comment_status":"open","ping_status":"open","sticky":false,"template":"","format":"standard","meta":{"footnotes":""},"categories":[7],"tags":[140],"class_list":["post-4937","post","type-post","status-publish","format-standard","has-post-thumbnail","hentry","category-noticias","tag-moradia-social"],"_links":{"self":[{"href":"https:\/\/rehabitare.direito.ufmg.br\/index.php?rest_route=\/wp\/v2\/posts\/4937"}],"collection":[{"href":"https:\/\/rehabitare.direito.ufmg.br\/index.php?rest_route=\/wp\/v2\/posts"}],"about":[{"href":"https:\/\/rehabitare.direito.ufmg.br\/index.php?rest_route=\/wp\/v2\/types\/post"}],"author":[{"embeddable":true,"href":"https:\/\/rehabitare.direito.ufmg.br\/index.php?rest_route=\/wp\/v2\/users\/1"}],"replies":[{"embeddable":true,"href":"https:\/\/rehabitare.direito.ufmg.br\/index.php?rest_route=%2Fwp%2Fv2%2Fcomments&post=4937"}],"version-history":[{"count":2,"href":"https:\/\/rehabitare.direito.ufmg.br\/index.php?rest_route=\/wp\/v2\/posts\/4937\/revisions"}],"predecessor-version":[{"id":4945,"href":"https:\/\/rehabitare.direito.ufmg.br\/index.php?rest_route=\/wp\/v2\/posts\/4937\/revisions\/4945"}],"wp:featuredmedia":[{"embeddable":true,"href":"https:\/\/rehabitare.direito.ufmg.br\/index.php?rest_route=\/wp\/v2\/media\/4938"}],"wp:attachment":[{"href":"https:\/\/rehabitare.direito.ufmg.br\/index.php?rest_route=%2Fwp%2Fv2%2Fmedia&parent=4937"}],"wp:term":[{"taxonomy":"category","embeddable":true,"href":"https:\/\/rehabitare.direito.ufmg.br\/index.php?rest_route=%2Fwp%2Fv2%2Fcategories&post=4937"},{"taxonomy":"post_tag","embeddable":true,"href":"https:\/\/rehabitare.direito.ufmg.br\/index.php?rest_route=%2Fwp%2Fv2%2Ftags&post=4937"}],"curies":[{"name":"wp","href":"https:\/\/api.w.org\/{rel}","templated":true}]}}