{"id":4940,"date":"2025-10-13T17:37:57","date_gmt":"2025-10-13T20:37:57","guid":{"rendered":"https:\/\/rehabitare.direito.ufmg.br\/?p=4940"},"modified":"2025-10-13T19:48:08","modified_gmt":"2025-10-13T22:48:08","slug":"governo-anuncia-que-todas-favelas-do-pais-agora-tem-cep","status":"publish","type":"post","link":"https:\/\/rehabitare.direito.ufmg.br\/?p=4940","title":{"rendered":"Governo anuncia que todas favelas do pa\u00eds agora t\u00eam CEP"},"content":{"rendered":"\n<p>O governo anunciou nesta quarta-feira (8) que concluiu a implementa\u00e7\u00e3o de C\u00f3digos de Endere\u00e7amento Postal (CEPs) em todas as favelas do pa\u00eds.<\/p>\n\n\n\n<p>Foram gerados c\u00f3digos para 12.348 comunidades registradas pelo Instituto Brasileiro de Geografia e Estat\u00edstica (<a class=\"\" href=\"https:\/\/g1.globo.com\/tudo-sobre\/ibge\/\">IBGE<\/a>), onde vivem 16,39 milh\u00f5es de pessoas, a maioria pretas e pardas (72,9%).<\/p>\n\n\n\n<p>As a\u00e7\u00f5es beneficiaram regi\u00f5es perif\u00e9ricas em 656 cidades brasileiras (<strong><em>leia mais abaixo<\/em><\/strong>).<\/p>\n\n\n\n<p><a class=\"\" href=\"https:\/\/g1.globo.com\/politica\/noticia\/2024\/09\/23\/projeto-do-governo-federal-quer-levar-cep-para-areas-de-periferia-no-pais.ghtml\">O programa, iniciado em 2024<\/a>, \u00e9 resultado de uma parceria entre o Minist\u00e9rio das Cidades e os Correios e tinha como meta levar endere\u00e7amento a todo o Brasil at\u00e9 o fim de 2025.<\/p>\n\n\n\n<p>De acordo com o governo, n\u00e3o h\u00e1 estimativa precisa de quantas pessoas sofriam com a falta de CEP, mas o IBGE classifica cerca de 280 mil endere\u00e7os em favelas e comunidades urbanas com \u201cfragilidade de endere\u00e7o\u201d \u2014 ou seja, locais sem nome de rua, sem numera\u00e7\u00e3o ou sem ambos, o que afeta cerca de 870 mil pessoas.<\/p>\n\n\n\n<p>Foto: retirada da reportagem. <\/p>\n\n\n\n<p>Fonte: <a href=\"https:\/\/g1.globo.com\/politica\/noticia\/2025\/10\/08\/governo-anuncia-que-todas-favelas-do-pais-agora-tem-cep.ghtml\" data-type=\"link\" data-id=\"https:\/\/g1.globo.com\/politica\/noticia\/2025\/10\/08\/governo-anuncia-que-todas-favelas-do-pais-agora-tem-cep.ghtml\">G1<\/a><\/p>\n","protected":false},"excerpt":{"rendered":"<p>O governo anunciou nesta quarta-feira (8) que concluiu a implementa\u00e7\u00e3o de C\u00f3digos de Endere\u00e7amento Postal (CEPs) em todas as favelas do pa\u00eds. Foram gerados c\u00f3digos [&hellip;] <span class=\"read-more-link\"><a class=\"read-more\" href=\"https:\/\/rehabitare.direito.ufmg.br\/?p=4940\">Read More<\/a><\/span><\/p>\n","protected":false},"author":1,"featured_media":4941,"comment_status":"open","ping_status":"open","sticky":false,"template":"","format":"standard","meta":{"footnotes":""},"categories":[7],"tags":[145],"class_list":["post-4940","post","type-post","status-publish","format-standard","has-post-thumbnail","hentry","category-noticias","tag-favela"],"_links":{"self":[{"href":"https:\/\/rehabitare.direito.ufmg.br\/index.php?rest_route=\/wp\/v2\/posts\/4940"}],"collection":[{"href":"https:\/\/rehabitare.direito.ufmg.br\/index.php?rest_route=\/wp\/v2\/posts"}],"about":[{"href":"https:\/\/rehabitare.direito.ufmg.br\/index.php?rest_route=\/wp\/v2\/types\/post"}],"author":[{"embeddable":true,"href":"https:\/\/rehabitare.direito.ufmg.br\/index.php?rest_route=\/wp\/v2\/users\/1"}],"replies":[{"embeddable":true,"href":"https:\/\/rehabitare.direito.ufmg.br\/index.php?rest_route=%2Fwp%2Fv2%2Fcomments&post=4940"}],"version-history":[{"count":1,"href":"https:\/\/rehabitare.direito.ufmg.br\/index.php?rest_route=\/wp\/v2\/posts\/4940\/revisions"}],"predecessor-version":[{"id":4942,"href":"https:\/\/rehabitare.direito.ufmg.br\/index.php?rest_route=\/wp\/v2\/posts\/4940\/revisions\/4942"}],"wp:featuredmedia":[{"embeddable":true,"href":"https:\/\/rehabitare.direito.ufmg.br\/index.php?rest_route=\/wp\/v2\/media\/4941"}],"wp:attachment":[{"href":"https:\/\/rehabitare.direito.ufmg.br\/index.php?rest_route=%2Fwp%2Fv2%2Fmedia&parent=4940"}],"wp:term":[{"taxonomy":"category","embeddable":true,"href":"https:\/\/rehabitare.direito.ufmg.br\/index.php?rest_route=%2Fwp%2Fv2%2Fcategories&post=4940"},{"taxonomy":"post_tag","embeddable":true,"href":"https:\/\/rehabitare.direito.ufmg.br\/index.php?rest_route=%2Fwp%2Fv2%2Ftags&post=4940"}],"curies":[{"name":"wp","href":"https:\/\/api.w.org\/{rel}","templated":true}]}}