{"id":4952,"date":"2025-10-15T21:17:31","date_gmt":"2025-10-16T00:17:31","guid":{"rendered":"https:\/\/rehabitare.direito.ufmg.br\/?p=4952"},"modified":"2025-10-15T21:20:20","modified_gmt":"2025-10-16T00:20:20","slug":"ministerio-confirma-mais-1-140-novas-moradias-rurais-no-minha-casa-minha-vida","status":"publish","type":"post","link":"https:\/\/rehabitare.direito.ufmg.br\/?p=4952","title":{"rendered":"Minist\u00e9rio confirma mais 1.140 novas moradias rurais no Minha Casa, Minha Vida"},"content":{"rendered":"\n<p>O&nbsp;Minist\u00e9rio das Cidades&nbsp;publicou uma Portaria nesta segunda-feira (06), que define as regras para sele\u00e7\u00e3o de propostas do programa&nbsp;Minha Casa, Minha Vida Rural (MCMV Rural)&nbsp;referentes ao exerc\u00edcio de 2025. O Piau\u00ed foi contemplado com uma meta f\u00edsica de 1.140 unidades habitacionais, dentro de um total de 30 mil moradias a serem contratadas em todo o pa\u00eds.<\/p>\n\n\n\n<p>A portaria detalha o processo de habilita\u00e7\u00e3o e sele\u00e7\u00e3o das entidades organizadoras, p\u00fablicas e privadas sem fins lucrativos, respons\u00e1veis por apresentar e executar os projetos habitacionais nas zonas rurais. A sele\u00e7\u00e3o seguir\u00e1 crit\u00e9rios t\u00e9cnicos e sociais definidos pelo Minist\u00e9rio das Cidades, priorizando comunidades tradicionais, assentamentos da reforma agr\u00e1ria, munic\u00edpios com baixo \u00cdndice de Desenvolvimento Humano Municipal (IDHM) e \u00e1reas com alto d\u00e9ficit habitacional rural.<\/p>\n\n\n\n<p>O Nordeste concentra 55% das metas do programa, o equivalente a 16.619 moradias. O Piau\u00ed aparece entre os estados com maior volume de unidades a construir ou melhorar, ao lado de Maranh\u00e3o (5.337), Bahia (5.066) e Pernambuco (1.667). Segundo o Minist\u00e9rio das Cidades, a distribui\u00e7\u00e3o leva em conta dados da Funda\u00e7\u00e3o Jo\u00e3o Pinheiro, do Instituto Nacional de Coloniza\u00e7\u00e3o e Reforma Agr\u00e1ria (Incra) e do IBGE, considerando o d\u00e9ficit habitacional, a aus\u00eancia de banheiros exclusivos e a presen\u00e7a de comunidades ind\u00edgenas e quilombolas.<\/p>\n\n\n\n<p>O cronograma prev\u00ea que as entidades interessadas solicitem habilita\u00e7\u00e3o em at\u00e9 30 dias ap\u00f3s a publica\u00e7\u00e3o da portaria. As propostas poder\u00e3o ser apresentadas em at\u00e9 60 dias, com sele\u00e7\u00e3o final pelo minist\u00e9rio em at\u00e9 130 dias. O processo contemplar\u00e1 tanto a constru\u00e7\u00e3o de novas unidades habitacionais quanto a melhoria de moradias j\u00e1 existentes, com subs\u00eddios federais destinados ao p\u00fablico de baixa renda.<\/p>\n\n\n\n<p>Foto: retirada da reportagem.<\/p>\n\n\n\n<p>Fonte: <a href=\"https:\/\/cidadeverde.com\/noticias\/443154\/ministerio-confirma-mais-1140-novas-moradias-rurais-no-minha-casa-minha-vida\" data-type=\"link\" data-id=\"https:\/\/cidadeverde.com\/noticias\/443154\/ministerio-confirma-mais-1140-novas-moradias-rurais-no-minha-casa-minha-vida\">Cidade Verde<\/a><\/p>\n","protected":false},"excerpt":{"rendered":"<p>O&nbsp;Minist\u00e9rio das Cidades&nbsp;publicou uma Portaria nesta segunda-feira (06), que define as regras para sele\u00e7\u00e3o de propostas do programa&nbsp;Minha Casa, Minha Vida Rural (MCMV Rural)&nbsp;referentes ao [&hellip;] <span class=\"read-more-link\"><a class=\"read-more\" href=\"https:\/\/rehabitare.direito.ufmg.br\/?p=4952\">Read More<\/a><\/span><\/p>\n","protected":false},"author":1,"featured_media":4953,"comment_status":"open","ping_status":"open","sticky":false,"template":"","format":"standard","meta":{"footnotes":""},"categories":[1],"tags":[],"class_list":["post-4952","post","type-post","status-publish","format-standard","has-post-thumbnail","hentry","category-sem-categoria"],"_links":{"self":[{"href":"https:\/\/rehabitare.direito.ufmg.br\/index.php?rest_route=\/wp\/v2\/posts\/4952"}],"collection":[{"href":"https:\/\/rehabitare.direito.ufmg.br\/index.php?rest_route=\/wp\/v2\/posts"}],"about":[{"href":"https:\/\/rehabitare.direito.ufmg.br\/index.php?rest_route=\/wp\/v2\/types\/post"}],"author":[{"embeddable":true,"href":"https:\/\/rehabitare.direito.ufmg.br\/index.php?rest_route=\/wp\/v2\/users\/1"}],"replies":[{"embeddable":true,"href":"https:\/\/rehabitare.direito.ufmg.br\/index.php?rest_route=%2Fwp%2Fv2%2Fcomments&post=4952"}],"version-history":[{"count":1,"href":"https:\/\/rehabitare.direito.ufmg.br\/index.php?rest_route=\/wp\/v2\/posts\/4952\/revisions"}],"predecessor-version":[{"id":4954,"href":"https:\/\/rehabitare.direito.ufmg.br\/index.php?rest_route=\/wp\/v2\/posts\/4952\/revisions\/4954"}],"wp:featuredmedia":[{"embeddable":true,"href":"https:\/\/rehabitare.direito.ufmg.br\/index.php?rest_route=\/wp\/v2\/media\/4953"}],"wp:attachment":[{"href":"https:\/\/rehabitare.direito.ufmg.br\/index.php?rest_route=%2Fwp%2Fv2%2Fmedia&parent=4952"}],"wp:term":[{"taxonomy":"category","embeddable":true,"href":"https:\/\/rehabitare.direito.ufmg.br\/index.php?rest_route=%2Fwp%2Fv2%2Fcategories&post=4952"},{"taxonomy":"post_tag","embeddable":true,"href":"https:\/\/rehabitare.direito.ufmg.br\/index.php?rest_route=%2Fwp%2Fv2%2Ftags&post=4952"}],"curies":[{"name":"wp","href":"https:\/\/api.w.org\/{rel}","templated":true}]}}